{"id":3403,"date":"2021-09-02T11:46:49","date_gmt":"2021-09-02T09:46:49","guid":{"rendered":"http:\/\/www.areabesos.com\/diario\/?p=3403"},"modified":"2021-09-03T10:31:08","modified_gmt":"2021-09-03T08:31:08","slug":"la-gente-esta-muy-cansada-de-la-situacion-y-necesita-alegria","status":"publish","type":"post","link":"https:\/\/www.areabesos.com\/diario\/la-gente-esta-muy-cansada-de-la-situacion-y-necesita-alegria\/","title":{"rendered":"\u00abLa gente est\u00e1 muy cansada de la situaci\u00f3n y necesita alegr\u00eda\u00bb"},"content":{"rendered":"\n<p><strong>Pregunta. \u00bfCu\u00e1ndo y por qu\u00e9 formasteis la banda?<br>Respuesta.<\/strong> Pues pr\u00e1cticamente por accidente. A principios de 2014 un amigo estaba montando un estudio de grabaci\u00f3n y sab\u00eda que yo (Jordi Nacenta), ten\u00eda un mont\u00f3n de canciones escritas \u201cguardadas\u201d porque no acababan de encajar en los proyectos musicales en que estaba entonces (de car\u00e1cter mucho mas rockero), as\u00ed que me propuso grabarlas para tambi\u00e9n as\u00ed usarlas para promocionar el nuevo estudio. A m\u00ed me pareci\u00f3 maravilloso y pens\u00e9 incorporar a esa grabaci\u00f3n a alguno de mis amigos\u2026 as\u00ed que le ense\u00f1e las canciones a Carlos Mendoza y Wilbert \u00c1lvarez (miembros de Luz Verde, entre otros proyectos), les encantaron e inmediatamente empezamos a ensayar. Para la secci\u00f3n r\u00edtmica se incorporaron David Antonin al caj\u00f3n (aunque ahora toca la guitarra el\u00e9ctrica), y Paula O\u2019Rourke al bajo, y as\u00ed se grab\u00f3 a finales de ese mismo a\u00f1o \u201cGuitarrazos de sobremesa\u201d sin mayor pretensi\u00f3n que hacer esa grabaci\u00f3n, pero a las pocas semanas sali\u00f3 una propuesta de concierto en El Caf\u00e9 Rock\u2019n Roll, lo pasamos en grande, la gente tambi\u00e9n\u2026 y ya no pudimos parar. Paula se mud\u00f3 a USA en 2015 y le sustituy\u00f3 Jorge Satorres, y con el tiempo entraron en la banda tambi\u00e9n Juanillo \u00c1lzavez y Miky Ortilles.<\/p>\n\n\n\n<p><strong>P. \u00bfPor qu\u00e9 el nombre de \u201cAlma de Boquer\u00f3n\u201d?<br>R.<\/strong> Cuando la gente o\u00eda las primeras demos, nos dec\u00edan que sonaba muy rumbero y eso nos sorprendi\u00f3 porque ni era intencionado ni ninguno hab\u00eda tocado nunca nada ni parecido, todos ven\u00edamos del rock, blues, funk, heavy\u2026 pero nada cercano a la rumba, y alguien dijo que era como si hubi\u00e9ramos encontrado un alma que hab\u00edamos tenido escondida todos esos a\u00f1os. Y puestos a bautizar un alma, el boquer\u00f3n suena a mar, a tapa, a taberna, a vermuteo, a amistad, a risas\u2026 y todo eso creemos que va mucho con nosotros y nuestra m\u00fasica.<\/p>\n\n\n\n<p><strong>P. Dec\u00eds que hac\u00e9is \u201crumba mestiza de autor\u201d. \u00bfMe lo explic\u00e1is?<br>R.<\/strong> El nexo com\u00fan y el esp\u00edritu de nuestra m\u00fasica es eminentemente rumbero, pero para nada buscamos una rumba pura sino que la entrecruzamos con todos los g\u00e9neros que nos gustan sin ponernos ninguna limitaci\u00f3n, por lo que en nuestros 5 discos puede encontrarse rock, funky, bolero, tango, flamenco\u2026 de ah\u00ed ese mestizaje con el que nos definimos. El t\u00e9rmino \u201cde autor\u201d lo adoptamos porque intentamos cuidar las letras al m\u00e1ximo, tratar de que todas las canciones cuenten historias o reflexiones que lleguen a la gente, bien sea desde el humor, el romanticismo, el crapulismo\u2026<\/p>\n\n\n\n<figure class=\"wp-block-image size-large\"><img loading=\"lazy\" decoding=\"async\" width=\"1024\" height=\"631\" src=\"https:\/\/www.areabesos.com\/diario\/wp-content\/uploads\/2021\/09\/boqueron02-1024x631.jpg\" alt=\"\" class=\"wp-image-3404\" srcset=\"https:\/\/www.areabesos.com\/diario\/wp-content\/uploads\/2021\/09\/boqueron02-1024x631.jpg 1024w, https:\/\/www.areabesos.com\/diario\/wp-content\/uploads\/2021\/09\/boqueron02-300x185.jpg 300w, https:\/\/www.areabesos.com\/diario\/wp-content\/uploads\/2021\/09\/boqueron02-768x474.jpg 768w, https:\/\/www.areabesos.com\/diario\/wp-content\/uploads\/2021\/09\/boqueron02-150x93.jpg 150w, https:\/\/www.areabesos.com\/diario\/wp-content\/uploads\/2021\/09\/boqueron02-696x429.jpg 696w, https:\/\/www.areabesos.com\/diario\/wp-content\/uploads\/2021\/09\/boqueron02-1068x659.jpg 1068w, https:\/\/www.areabesos.com\/diario\/wp-content\/uploads\/2021\/09\/boqueron02.jpg 1200w\" sizes=\"auto, (max-width: 1024px) 100vw, 1024px\" \/><\/figure>\n\n\n\n<p><strong>P. \u00bfTen\u00e9is alg\u00fan referente musical que destaqu\u00e9is por encima del resto?<br>R.<\/strong> No especialmente, bebemos de muchas y muy variadas fuentes. En nuestra m\u00fasica mostramos orgullosamente influencias y aprendizajes que pueden venir desde Los Rodr\u00edguez, Peret, los cl\u00e1sicos del rock (Beatles, Stones, Stevie Wonder, Led Zeppelin\u2026), o el Gato Perez hasta Joaqu\u00edn Sabina, Serrat, Estopa, Fabulosos Cadillacs o Los Panchos. Como muestra de lo que te digo, algunos de los momentos m\u00e1s celebrados de nuestros conciertos son cuando improvisamos cl\u00e1sicos de rock o hard-rock en \u201cmodo rumbero\u201d: hemos rumbeado a Supertramp, Pink Floyd, Ray Charles, Elvis, Dire Straits, Chuck Berry\u2026<\/p>\n\n\n\n<p>P. \u00bfC\u00f3mo ha sido de dura para bandas como la vuestra la pandemia y la paralizaci\u00f3n de toda actividad cultural durante m\u00e1s de un a<strong>\u00f1o?<br>R.<\/strong> Pues francamente muy dura. Ven\u00edamos de dar una media de 70 conciertos al a\u00f1o, con lo cual nuestro contacto con nuestro p\u00fablico era muy continuo e intenso\u2026 y de pronto se acab\u00f3. Aparte del evidente golpe econ\u00f3mico que supuso, tambi\u00e9n fue un golpe an\u00edmico perder ese contacto y m\u00e1s en nuestro caso que nos cogi\u00f3 con un nuevo disco entre manos del que hubo que cancelar toda la presentaci\u00f3n y promoci\u00f3n prevista y adecuarla a la nueva situaci\u00f3n.<br>Durante el confinamiento estuvimos dando cada domingo un concierto\/vermuteo en streaming que nos mantuvo conectados con nuestra gente y que nos permiti\u00f3 recibir toneladas de cari\u00f1o, pero la realidad es que todo ha sido muy complicado\u2026 y lo sigue siendo, porque la cultura y los eventos no han vuelto ni de cerca a la normalidad,<\/p>\n\n\n\n<p>P. Acab\u00e1is de publicar vuestro \u00faltimo single, \u201cTenemos ganas de fiesta\u201d. \u00bfPens\u00e1is que es lo que la gente necesita ahora, mucha fiesta, aunque sea con alguna medida de control sanitario?<br>R. Por supuesto. La gente est\u00e1 muy cansada de la situaci\u00f3n y necesita alegr\u00eda, y eso es exactamente lo que quer\u00edamos reflejar en esta canci\u00f3n evidentemente pensada, escrita y grabada durante esta pandemia. Hay que tener prudencia y cumplir con todas las medidas sanitarias, pero no hay que desistir nunca de intentar pasarlo bien.<\/p>\n\n\n\n<p><strong>P. El video de vuestro tema \u201cDed\u00edcate a ser feliz\u201d lo publicasteis justo el d\u00eda que comenzaba el confinamiento, el 15 de marzo de 2020. En alguno de los comentarios os daban las gracias por el chute de energ\u00eda en esos d\u00edas tan extra\u00f1os y duros. \u00bfEso es lo mejor de dedicarse a la m\u00fasica?<br>R.<\/strong> Desde luego es de lo mejor sin duda: sentirse \u00fatil y valorado. Si alguna cosa positiva hemos sacado de este \u00faltimo a\u00f1o y medio es el cari\u00f1o de la gente con comentarios como los que mencionas. La pandemia y la \u201cnormalizaci\u00f3n\u201d de los streamings y la comunicaci\u00f3n a trav\u00e9s de pantallas ha generado una relaci\u00f3n \u201cvirtual\u201d mucho m\u00e1s intensa con nuestro p\u00fablico. Hemos recibido infinidad de agradecimientos por los conciertos que hicimos durante la pandemia y hemos sentido que la gente tomaba nuestra m\u00fasica como algo casi terap\u00e9utico, y eso ha sido maravilloso.<\/p>\n\n\n\n<figure class=\"wp-block-image size-large\"><img loading=\"lazy\" decoding=\"async\" width=\"1024\" height=\"646\" src=\"https:\/\/www.areabesos.com\/diario\/wp-content\/uploads\/2021\/09\/boqueron03-1024x646.jpg\" alt=\"\" class=\"wp-image-3405\" srcset=\"https:\/\/www.areabesos.com\/diario\/wp-content\/uploads\/2021\/09\/boqueron03-1024x646.jpg 1024w, https:\/\/www.areabesos.com\/diario\/wp-content\/uploads\/2021\/09\/boqueron03-300x189.jpg 300w, https:\/\/www.areabesos.com\/diario\/wp-content\/uploads\/2021\/09\/boqueron03-768x484.jpg 768w, https:\/\/www.areabesos.com\/diario\/wp-content\/uploads\/2021\/09\/boqueron03-150x95.jpg 150w, https:\/\/www.areabesos.com\/diario\/wp-content\/uploads\/2021\/09\/boqueron03-696x439.jpg 696w, https:\/\/www.areabesos.com\/diario\/wp-content\/uploads\/2021\/09\/boqueron03-1068x674.jpg 1068w, https:\/\/www.areabesos.com\/diario\/wp-content\/uploads\/2021\/09\/boqueron03.jpg 1200w\" sizes=\"auto, (max-width: 1024px) 100vw, 1024px\" \/><\/figure>\n\n\n\n<p><strong>P. En esa canci\u00f3n dec\u00eds \u201cDed\u00edcate a ser feliz, que la vida son dos d\u00edas, ded\u00edcate a ser m\u00e1s bueno y a compartir algo de alegr\u00eda\u201d. No os podr\u00eda salir una letra mejor para estos d\u00edas extra\u00f1os, no? \u00bfPor qu\u00e9 pens\u00e1is que nos dedicamos tanto a pensar en tonter\u00edas y no en intentar ser felices?<br>R.<\/strong> Esa canci\u00f3n (que aunque no lo parezca es anterior al Covid), es de las que mejor refleja nuestra filosof\u00eda de vida: tratar de ser felices de la manera que sea. La gente muchas veces se pierde en lo urgente o le da demasiada importancia a cosas que no la tienen, olvidando cuidar lo que realmente les importa: su gente, su salud, sus aficiones que le hacen feliz\u2026. \u201cDed\u00edcate a ser mas bueno y a compartir algo de alegr\u00eda\u201d es sin duda uno de los mejores versos que hemos escrito\u2026 y una buena filosof\u00eda de vida.<\/p>\n\n\n\n<p><strong>P. \u00bfLo de tocar con el p\u00fablico sentado se os hace muy extra\u00f1o? Adem\u00e1s no pod\u00e9is incitar a la gente a que se levante y baile, que est\u00e1 prohibido por protocolo Covid.<br>R. <\/strong>Es muy, muy extra\u00f1o\u2026 y especialmente complicado para bandas como nosotros que tenemos un directo bastante incendiario en que intentamos que bailen hasta los taburetes\u2026 pero es mejor tocar as\u00ed que no tocar!! La gente est\u00e1 muy concienciada y sabe que s\u00f3lo entre su esfuerzo y el nuestro podemos garantizar una #culturasegura y en todos los conciertos que hemos dados estos meses no hemos registrado un solo incidente.<\/p>\n\n\n\n<p>P. \u00bfQu\u00e9 se encontrar\u00e1n los adrianenses que vayan a vuestro concierto del d\u00eda 5 de septiembre?<br><strong>R.<\/strong> Se encontrar\u00e1n un mont\u00f3n de boquerones locos por salir al escenario a presentar al maravilloso p\u00fablico de Sant Adri\u00e0 nuestro nuevo disco \u201cSonr\u00edan por favor\u201d, nuestros cl\u00e1sicos y alguna que otra versi\u00f3n disparatada!<\/p>\n\n\n\n<p class=\"has-black-color has-text-color\"><strong>P. Para poder ir al concierto se tiene uno que apuntar primero en la web del Ayuntamiento para reservar sitio. Habr\u00e1 a alguno que le d\u00e9 pereza hacer el tr\u00e1mite. \u00bfC\u00f3mo animar\u00edais a la gente para que no se pierda vuestro concierto?<br>R.<\/strong> Les animar\u00eda prometi\u00e9ndoles que valdr\u00e1 la pena el esfuerzo, que lo daremos todo en directo y que intentaremos por todos los medios contagiarles de la alegr\u00eda, fiesta y cachondeo que nos caracteriza\u2026 ARSAAAAAAA!!!<\/p>\n\n\n\n<figure class=\"wp-block-embed is-type-video is-provider-youtube wp-block-embed-youtube wp-embed-aspect-16-9 wp-has-aspect-ratio\"><div class=\"wp-block-embed__wrapper\">\n<div class=\"youtube-embed\" data-video_id=\"tT8QMlQPFEI\"><iframe loading=\"lazy\" title=\"Alma de Boquer\u00f3n - &quot;Tenemos ganas de fiesta&quot; (Videoclip oficial)\" width=\"696\" height=\"392\" src=\"https:\/\/www.youtube.com\/embed\/tT8QMlQPFEI?feature=oembed&#038;enablejsapi=1\" frameborder=\"0\" allow=\"accelerometer; autoplay; clipboard-write; encrypted-media; gyroscope; picture-in-picture\" allowfullscreen><\/iframe><\/div>\n<\/div><\/figure>\n","protected":false},"excerpt":{"rendered":"<p>Pregunta. \u00bfCu\u00e1ndo y por qu\u00e9 formasteis la banda?Respuesta. Pues pr\u00e1cticamente por accidente. A principios de 2014 un amigo estaba montando un estudio de grabaci\u00f3n y sab\u00eda que yo (Jordi Nacenta), ten\u00eda un mont\u00f3n de canciones escritas \u201cguardadas\u201d porque no acababan de encajar en los proyectos musicales en que estaba entonces (de car\u00e1cter mucho mas rockero), [&hellip;]<\/p>\n","protected":false},"author":1,"featured_media":3406,"comment_status":"open","ping_status":"open","sticky":false,"template":"","format":"standard","meta":{"footnotes":""},"categories":[136,138],"tags":[],"class_list":{"0":"post-3403","1":"post","2":"type-post","3":"status-publish","4":"format-standard","5":"has-post-thumbnail","7":"category-cultura","8":"category-entrevistes"},"_links":{"self":[{"href":"https:\/\/www.areabesos.com\/diario\/wp-json\/wp\/v2\/posts\/3403","targetHints":{"allow":["GET"]}}],"collection":[{"href":"https:\/\/www.areabesos.com\/diario\/wp-json\/wp\/v2\/posts"}],"about":[{"href":"https:\/\/www.areabesos.com\/diario\/wp-json\/wp\/v2\/types\/post"}],"author":[{"embeddable":true,"href":"https:\/\/www.areabesos.com\/diario\/wp-json\/wp\/v2\/users\/1"}],"replies":[{"embeddable":true,"href":"https:\/\/www.areabesos.com\/diario\/wp-json\/wp\/v2\/comments?post=3403"}],"version-history":[{"count":1,"href":"https:\/\/www.areabesos.com\/diario\/wp-json\/wp\/v2\/posts\/3403\/revisions"}],"predecessor-version":[{"id":3407,"href":"https:\/\/www.areabesos.com\/diario\/wp-json\/wp\/v2\/posts\/3403\/revisions\/3407"}],"wp:featuredmedia":[{"embeddable":true,"href":"https:\/\/www.areabesos.com\/diario\/wp-json\/wp\/v2\/media\/3406"}],"wp:attachment":[{"href":"https:\/\/www.areabesos.com\/diario\/wp-json\/wp\/v2\/media?parent=3403"}],"wp:term":[{"taxonomy":"category","embeddable":true,"href":"https:\/\/www.areabesos.com\/diario\/wp-json\/wp\/v2\/categories?post=3403"},{"taxonomy":"post_tag","embeddable":true,"href":"https:\/\/www.areabesos.com\/diario\/wp-json\/wp\/v2\/tags?post=3403"}],"curies":[{"name":"wp","href":"https:\/\/api.w.org\/{rel}","templated":true}]}}