{"id":3399,"date":"2021-09-02T11:31:15","date_gmt":"2021-09-02T09:31:15","guid":{"rendered":"http:\/\/www.areabesos.com\/diario\/?p=3399"},"modified":"2021-10-07T13:59:48","modified_gmt":"2021-10-07T11:59:48","slug":"area-besos-296-especial-festa-major-2021","status":"publish","type":"post","link":"https:\/\/www.areabesos.com\/diario\/area-besos-296-especial-festa-major-2021\/","title":{"rendered":"\u00c0rea Bes\u00f2s 296 Especial Festa Major 2021"},"content":{"rendered":"\n<p>En el n\u00famero especial dedicat a la Festa Major de Sant Adri\u00e0 2021 hem parlat amb les pregoneres, les directores dels dos CAPs de la ciutat, les doctores Itziar Amilibia i Marta Morera. Tamb\u00e9 hem entrevistat a alguns dels grups que actuaran aquests dies, com el grup de rumba \u00abAlma de Boquer\u00f3n\u00bb i el grup d&#8217;animaci\u00f3 infantil \u00abLa Tresca i la Verdesca\u00bb. Destaquem el concert homenatge a les v\u00edctimes de la Covid19 i altres actes com la inauguraci\u00f3 d&#8217;una exposici\u00f3 de vinyetes i immigraci\u00f3 i la descoberta de l&#8217;Auca de Sant Adri\u00e0 a la fa\u00e7ana de Biblioteca Sant Adri\u00e0. Gaudiu de la Festa Major, amb responsabilitat!<\/p>\n\n\n<a href=\"https:\/\/www.areabesos.com\/diario\/wp-content\/uploads\/2021\/09\/AREABESOS296.pdf\" class=\"pdfemb-viewer\" style=\"\" data-width=\"max\" data-height=\"max\" data-toolbar=\"both\" data-toolbar-fixed=\"on\">AREABESOS296<\/a>\n<p class=\"wp-block-pdfemb-pdf-embedder-viewer\"><\/p>\n","protected":false},"excerpt":{"rendered":"<p>En el n\u00famero especial dedicat a la Festa Major de Sant Adri\u00e0 2021 hem parlat amb les pregoneres, les directores dels dos CAPs de la ciutat, les doctores Itziar Amilibia i Marta Morera. Tamb\u00e9 hem entrevistat a alguns dels grups que actuaran aquests dies, com el grup de rumba \u00abAlma de Boquer\u00f3n\u00bb i el grup [&hellip;]<\/p>\n","protected":false},"author":1,"featured_media":3401,"comment_status":"open","ping_status":"open","sticky":false,"template":"","format":"standard","meta":{"footnotes":""},"categories":[141,181],"tags":[],"class_list":{"0":"post-3399","1":"post","2":"type-post","3":"status-publish","4":"format-standard","5":"has-post-thumbnail","7":"category-edicio-impresa","8":"category-hemeroteca"},"_links":{"self":[{"href":"https:\/\/www.areabesos.com\/diario\/wp-json\/wp\/v2\/posts\/3399","targetHints":{"allow":["GET"]}}],"collection":[{"href":"https:\/\/www.areabesos.com\/diario\/wp-json\/wp\/v2\/posts"}],"about":[{"href":"https:\/\/www.areabesos.com\/diario\/wp-json\/wp\/v2\/types\/post"}],"author":[{"embeddable":true,"href":"https:\/\/www.areabesos.com\/diario\/wp-json\/wp\/v2\/users\/1"}],"replies":[{"embeddable":true,"href":"https:\/\/www.areabesos.com\/diario\/wp-json\/wp\/v2\/comments?post=3399"}],"version-history":[{"count":1,"href":"https:\/\/www.areabesos.com\/diario\/wp-json\/wp\/v2\/posts\/3399\/revisions"}],"predecessor-version":[{"id":3402,"href":"https:\/\/www.areabesos.com\/diario\/wp-json\/wp\/v2\/posts\/3399\/revisions\/3402"}],"wp:featuredmedia":[{"embeddable":true,"href":"https:\/\/www.areabesos.com\/diario\/wp-json\/wp\/v2\/media\/3401"}],"wp:attachment":[{"href":"https:\/\/www.areabesos.com\/diario\/wp-json\/wp\/v2\/media?parent=3399"}],"wp:term":[{"taxonomy":"category","embeddable":true,"href":"https:\/\/www.areabesos.com\/diario\/wp-json\/wp\/v2\/categories?post=3399"},{"taxonomy":"post_tag","embeddable":true,"href":"https:\/\/www.areabesos.com\/diario\/wp-json\/wp\/v2\/tags?post=3399"}],"curies":[{"name":"wp","href":"https:\/\/api.w.org\/{rel}","templated":true}]}}