{"id":3355,"date":"2021-07-23T13:14:15","date_gmt":"2021-07-23T11:14:15","guid":{"rendered":"http:\/\/www.areabesos.com\/diario\/?p=3355"},"modified":"2021-10-07T13:59:37","modified_gmt":"2021-10-07T11:59:37","slug":"area-besos-295-juliol-2021","status":"publish","type":"post","link":"https:\/\/www.areabesos.com\/diario\/area-besos-295-juliol-2021\/","title":{"rendered":"\u00c0rea Bes\u00f2s 295 Juliol 2021"},"content":{"rendered":"\n<p>En el n\u00famero de l\u2019\u00c0rea Bes\u00f2s del mes de juliol destaquem que el Ministerio de Transici\u00f3n Econ\u00f3mica y Reto Demogr\u00e1fico s&#8217;ha comprom\u00e9s a recuperar la platja del Litoral i el seu entorn. Tamb\u00e9 parlem que s&#8217;ha signat un conveni per enderrocar el mur del carrer d&#8217;Eduard Maristany que permetr\u00e0 crear un via que comuniqui de millor manera Badalona i Sant Adri\u00e0 de Bes\u00f2s. <\/p>\n\n\n<a href=\"https:\/\/www.areabesos.com\/diario\/wp-content\/uploads\/2021\/07\/AB0295.pdf\" class=\"pdfemb-viewer\" style=\"\" data-width=\"max\" data-height=\"max\" data-toolbar=\"both\" data-toolbar-fixed=\"on\">AB0295<\/a>\n<p class=\"wp-block-pdfemb-pdf-embedder-viewer\"><\/p>\n","protected":false},"excerpt":{"rendered":"<p>En el n\u00famero de l\u2019\u00c0rea Bes\u00f2s del mes de juliol destaquem que el Ministerio de Transici\u00f3n Econ\u00f3mica y Reto Demogr\u00e1fico s&#8217;ha comprom\u00e9s a recuperar la platja del Litoral i el seu entorn. Tamb\u00e9 parlem que s&#8217;ha signat un conveni per enderrocar el mur del carrer d&#8217;Eduard Maristany que permetr\u00e0 crear un via que comuniqui de [&hellip;]<\/p>\n","protected":false},"author":1,"featured_media":3357,"comment_status":"open","ping_status":"open","sticky":false,"template":"","format":"standard","meta":{"footnotes":""},"categories":[141,181],"tags":[],"class_list":{"0":"post-3355","1":"post","2":"type-post","3":"status-publish","4":"format-standard","5":"has-post-thumbnail","7":"category-edicio-impresa","8":"category-hemeroteca"},"_links":{"self":[{"href":"https:\/\/www.areabesos.com\/diario\/wp-json\/wp\/v2\/posts\/3355","targetHints":{"allow":["GET"]}}],"collection":[{"href":"https:\/\/www.areabesos.com\/diario\/wp-json\/wp\/v2\/posts"}],"about":[{"href":"https:\/\/www.areabesos.com\/diario\/wp-json\/wp\/v2\/types\/post"}],"author":[{"embeddable":true,"href":"https:\/\/www.areabesos.com\/diario\/wp-json\/wp\/v2\/users\/1"}],"replies":[{"embeddable":true,"href":"https:\/\/www.areabesos.com\/diario\/wp-json\/wp\/v2\/comments?post=3355"}],"version-history":[{"count":2,"href":"https:\/\/www.areabesos.com\/diario\/wp-json\/wp\/v2\/posts\/3355\/revisions"}],"predecessor-version":[{"id":3360,"href":"https:\/\/www.areabesos.com\/diario\/wp-json\/wp\/v2\/posts\/3355\/revisions\/3360"}],"wp:featuredmedia":[{"embeddable":true,"href":"https:\/\/www.areabesos.com\/diario\/wp-json\/wp\/v2\/media\/3357"}],"wp:attachment":[{"href":"https:\/\/www.areabesos.com\/diario\/wp-json\/wp\/v2\/media?parent=3355"}],"wp:term":[{"taxonomy":"category","embeddable":true,"href":"https:\/\/www.areabesos.com\/diario\/wp-json\/wp\/v2\/categories?post=3355"},{"taxonomy":"post_tag","embeddable":true,"href":"https:\/\/www.areabesos.com\/diario\/wp-json\/wp\/v2\/tags?post=3355"}],"curies":[{"name":"wp","href":"https:\/\/api.w.org\/{rel}","templated":true}]}}