{"id":3329,"date":"2021-07-14T12:46:46","date_gmt":"2021-07-14T10:46:46","guid":{"rendered":"http:\/\/www.areabesos.com\/diario\/?p=3329"},"modified":"2021-07-14T12:46:48","modified_gmt":"2021-07-14T10:46:48","slug":"el-16-de-juliol-comencara-a-funcionar-el-bus-llancadora-que-connectara-la-platja-del-litoral-amb-la-platja-del-port-forum","status":"publish","type":"post","link":"https:\/\/www.areabesos.com\/diario\/el-16-de-juliol-comencara-a-funcionar-el-bus-llancadora-que-connectara-la-platja-del-litoral-amb-la-platja-del-port-forum\/","title":{"rendered":"El 16 de juliol comen\u00e7ar\u00e0 a funcionar el bus llan\u00e7adora que connectar\u00e0 la platja del Litoral amb la platja del Port F\u00f2rum"},"content":{"rendered":"\n<p>Aquest divendres 16 de juliol es posa en marxa el servei especial de bus que connectar\u00e0 la platja del Litoral amb a la platja del Port F\u00f2rum (parc de la Pau).<\/p>\n\n\n\n<p>L\u2019autob\u00fas tindr\u00e0 dues parades: la de sortida, a l\u2019av. de la Platja (darrera del Camp municipal Jos\u00e9 Lu\u00eds Ruiz Casado) i la d\u2019arribada, al c. de la Pau (davant de les obres del nou hotel)<\/p>\n\n\n\n<p>El servei funcionar\u00e0 fins al 12 de setembre, tots els dies (de dilluns a diumenge), de 8 a 20 h, amb una freq\u00fc\u00e8ncia de pas de 20 minuts.<\/p>\n\n\n\n<p>Amb aquest servei especial l\u2019Ajuntament vol facilitar que els ciutadans i ciutadanes de Sant Adri\u00e0 puguin gaudir de la platja sense sortir del municipi, ja que aquest estiu no podran fer \u00fas de la platja del Litoral, que roman tancada de manera cautelar i preventiva.&nbsp;<\/p>\n","protected":false},"excerpt":{"rendered":"<p>Aquest divendres 16 de juliol es posa en marxa el servei especial de bus que connectar\u00e0 la platja del Litoral amb a la platja del Port F\u00f2rum (parc de la Pau). L\u2019autob\u00fas tindr\u00e0 dues parades: la de sortida, a l\u2019av. de la Platja (darrera del Camp municipal Jos\u00e9 Lu\u00eds Ruiz Casado) i la d\u2019arribada, al [&hellip;]<\/p>\n","protected":false},"author":2,"featured_media":3330,"comment_status":"open","ping_status":"open","sticky":false,"template":"","format":"standard","meta":{"footnotes":""},"categories":[134],"tags":[],"class_list":{"0":"post-3329","1":"post","2":"type-post","3":"status-publish","4":"format-standard","5":"has-post-thumbnail","7":"category-actualitat"},"_links":{"self":[{"href":"https:\/\/www.areabesos.com\/diario\/wp-json\/wp\/v2\/posts\/3329","targetHints":{"allow":["GET"]}}],"collection":[{"href":"https:\/\/www.areabesos.com\/diario\/wp-json\/wp\/v2\/posts"}],"about":[{"href":"https:\/\/www.areabesos.com\/diario\/wp-json\/wp\/v2\/types\/post"}],"author":[{"embeddable":true,"href":"https:\/\/www.areabesos.com\/diario\/wp-json\/wp\/v2\/users\/2"}],"replies":[{"embeddable":true,"href":"https:\/\/www.areabesos.com\/diario\/wp-json\/wp\/v2\/comments?post=3329"}],"version-history":[{"count":1,"href":"https:\/\/www.areabesos.com\/diario\/wp-json\/wp\/v2\/posts\/3329\/revisions"}],"predecessor-version":[{"id":3331,"href":"https:\/\/www.areabesos.com\/diario\/wp-json\/wp\/v2\/posts\/3329\/revisions\/3331"}],"wp:featuredmedia":[{"embeddable":true,"href":"https:\/\/www.areabesos.com\/diario\/wp-json\/wp\/v2\/media\/3330"}],"wp:attachment":[{"href":"https:\/\/www.areabesos.com\/diario\/wp-json\/wp\/v2\/media?parent=3329"}],"wp:term":[{"taxonomy":"category","embeddable":true,"href":"https:\/\/www.areabesos.com\/diario\/wp-json\/wp\/v2\/categories?post=3329"},{"taxonomy":"post_tag","embeddable":true,"href":"https:\/\/www.areabesos.com\/diario\/wp-json\/wp\/v2\/tags?post=3329"}],"curies":[{"name":"wp","href":"https:\/\/api.w.org\/{rel}","templated":true}]}}