{"id":3325,"date":"2021-07-14T11:45:43","date_gmt":"2021-07-14T09:45:43","guid":{"rendered":"http:\/\/www.areabesos.com\/diario\/?p=3325"},"modified":"2021-07-14T11:45:45","modified_gmt":"2021-07-14T09:45:45","slug":"tusgsal-vacuna-a-la-seva-plantilla-a-les-instal%c2%b7lacions-de-lempresa","status":"publish","type":"post","link":"https:\/\/www.areabesos.com\/diario\/tusgsal-vacuna-a-la-seva-plantilla-a-les-instal%c2%b7lacions-de-lempresa\/","title":{"rendered":"TUSGSAL vacuna a la seva plantilla a les instal\u00b7lacions de l\u2019empresa"},"content":{"rendered":"\n<p>TUSGSAL vacuna avui als seus propis treballadors i treballadores. L\u2019empresa va rebre fa uns dies el vistiplau del Servei Catal\u00e0 de la Salut (CatSalut) per fer-ho, i va oferir a la plantilla que encara no havia rebut una primera dosi de cap vacuna, rebre la pauta complerta a les seves instal\u00b7lacions. D\u2019aquesta manera, TUSGSAL segueix mantenint la gesti\u00f3 de la pand\u00e8mia de Covid-19 com a element essencial, que des de l\u2019alta Direcci\u00f3 ha anat marcant les seves actuacions, col\u00b7laborant en tot moment amb les autoritats sanit\u00e0ries, del transport i desenvolupant el protocol Aenor front a Covid-19 en tot moment.<\/p>\n\n\n\n<figure class=\"wp-block-image size-large\"><img loading=\"lazy\" decoding=\"async\" width=\"900\" height=\"675\" src=\"https:\/\/www.areabesos.com\/diario\/wp-content\/uploads\/2021\/07\/vacunacio_tusgsal01.jpg\" alt=\"\" class=\"wp-image-3326\" srcset=\"https:\/\/www.areabesos.com\/diario\/wp-content\/uploads\/2021\/07\/vacunacio_tusgsal01.jpg 900w, https:\/\/www.areabesos.com\/diario\/wp-content\/uploads\/2021\/07\/vacunacio_tusgsal01-300x225.jpg 300w, https:\/\/www.areabesos.com\/diario\/wp-content\/uploads\/2021\/07\/vacunacio_tusgsal01-768x576.jpg 768w, https:\/\/www.areabesos.com\/diario\/wp-content\/uploads\/2021\/07\/vacunacio_tusgsal01-150x113.jpg 150w, https:\/\/www.areabesos.com\/diario\/wp-content\/uploads\/2021\/07\/vacunacio_tusgsal01-696x522.jpg 696w\" sizes=\"auto, (max-width: 900px) 100vw, 900px\" \/><\/figure>\n\n\n\n<p>M\u00e9s de 100 membres de la companyia han passat avui (en diverses franges hor\u00e0ries) per les instal\u00b7lacions de Cam\u00ed de Can Ruti per vacunar-se. S\u2019han complert els protocols sanitaris establerts i, sota supervisi\u00f3 dels membres del CatSalut que han assistit a TUSGSAL, les persones citades han rebut una primera dosi de la vacuna Moderna. La segona dosi se&#8217;ls aplicar\u00e0 en 28 dies. El Servei M\u00e8dic de TUSGSAL treballa a diari en fer front a la situaci\u00f3 sanit\u00e0ria davant la Covid-19, i en oferir m\u00e0xima prevenci\u00f3 als treballadors i treballadores de TUSGSAL.<\/p>\n","protected":false},"excerpt":{"rendered":"<p>TUSGSAL vacuna avui als seus propis treballadors i treballadores. L\u2019empresa va rebre fa uns dies el vistiplau del Servei Catal\u00e0 de la Salut (CatSalut) per fer-ho, i va oferir a la plantilla que encara no havia rebut una primera dosi de cap vacuna, rebre la pauta complerta a les seves instal\u00b7lacions. D\u2019aquesta manera, TUSGSAL segueix [&hellip;]<\/p>\n","protected":false},"author":2,"featured_media":3327,"comment_status":"open","ping_status":"open","sticky":false,"template":"","format":"standard","meta":{"footnotes":""},"categories":[134],"tags":[],"class_list":{"0":"post-3325","1":"post","2":"type-post","3":"status-publish","4":"format-standard","5":"has-post-thumbnail","7":"category-actualitat"},"_links":{"self":[{"href":"https:\/\/www.areabesos.com\/diario\/wp-json\/wp\/v2\/posts\/3325","targetHints":{"allow":["GET"]}}],"collection":[{"href":"https:\/\/www.areabesos.com\/diario\/wp-json\/wp\/v2\/posts"}],"about":[{"href":"https:\/\/www.areabesos.com\/diario\/wp-json\/wp\/v2\/types\/post"}],"author":[{"embeddable":true,"href":"https:\/\/www.areabesos.com\/diario\/wp-json\/wp\/v2\/users\/2"}],"replies":[{"embeddable":true,"href":"https:\/\/www.areabesos.com\/diario\/wp-json\/wp\/v2\/comments?post=3325"}],"version-history":[{"count":1,"href":"https:\/\/www.areabesos.com\/diario\/wp-json\/wp\/v2\/posts\/3325\/revisions"}],"predecessor-version":[{"id":3328,"href":"https:\/\/www.areabesos.com\/diario\/wp-json\/wp\/v2\/posts\/3325\/revisions\/3328"}],"wp:featuredmedia":[{"embeddable":true,"href":"https:\/\/www.areabesos.com\/diario\/wp-json\/wp\/v2\/media\/3327"}],"wp:attachment":[{"href":"https:\/\/www.areabesos.com\/diario\/wp-json\/wp\/v2\/media?parent=3325"}],"wp:term":[{"taxonomy":"category","embeddable":true,"href":"https:\/\/www.areabesos.com\/diario\/wp-json\/wp\/v2\/categories?post=3325"},{"taxonomy":"post_tag","embeddable":true,"href":"https:\/\/www.areabesos.com\/diario\/wp-json\/wp\/v2\/tags?post=3325"}],"curies":[{"name":"wp","href":"https:\/\/api.w.org\/{rel}","templated":true}]}}