{"id":3315,"date":"2021-07-12T13:01:18","date_gmt":"2021-07-12T11:01:18","guid":{"rendered":"http:\/\/www.areabesos.com\/diario\/?p=3315"},"modified":"2021-07-12T13:01:20","modified_gmt":"2021-07-12T11:01:20","slug":"del-chuleton-al-punto-a-la-crisis-de-gobierno-pasando-por-ayuso","status":"publish","type":"post","link":"https:\/\/www.areabesos.com\/diario\/del-chuleton-al-punto-a-la-crisis-de-gobierno-pasando-por-ayuso\/","title":{"rendered":"Del chulet\u00f3n al punto a la crisis de gobierno, pasando por Ayuso"},"content":{"rendered":"\n<p>Cualquier noticia que dure m\u00e1s de doce horas en las portadas virtuales ya est\u00e1 batiendo un r\u00e9cord de longevidad, y cuando la del \u201cchulet\u00f3n al punto imbatible\u201d del jueves 8 a\u00fan no aburr\u00eda, su autor, siempre dispuesto a lo que haga falta para seguir en candelero, ya nos ten\u00eda preparadas una reuni\u00f3n con Ayuso el viernes 9 y una crisis de gobierno para el s\u00e1bado 10, no fuera a ser que los de la Sexta Noche no supieran de qu\u00e9 hablar cuando llegara la hora de los focos.<\/p>\n\n\n\n<p>As\u00ed que all\u00ed estaban, cuatro a la izquierda defendiendo a un ministro Garz\u00f3n que no ser\u00e1 expulsado de La Moncloa por muchas verdades que diga a favor de la salud de todos, y cuatro a la derecha con ocurrencias baratas y anunciando la \u201cmuerte\u201d de cientos de miles de puestos de trabajo durante la semana por culpa de un ministro comunista en una sociedad capitalista m\u00e1s que consolidada.<\/p>\n\n\n\n<p>L\u00f3gicamente, esos tertulianos no pod\u00edan defender a S\u00e1nchez, aunque no sean veganos y, adem\u00e1s, les gusten los chuletones al punto, o no.<\/p>\n\n\n\n<p>Cerraremos la carnicer\u00eda certificando, una vez m\u00e1s, la disposici\u00f3n de los pol\u00edticos que gobiernan o pretenden gobernar el Reino de Espa\u00f1a para convertir en conflicto cada evento que les conceda la oportunidad de lanzar mensajes simplistas para los que siempre hay orejas. La cosa \u201ctiene delito\u201d, pues tanto S\u00e1nchez como Casado, y sus respectivos seguidores, saben perfectamente que Garz\u00f3n ganar\u00e1 esta batalla. C\u00f3mo en ocasiones anteriores, Europa terminar\u00e1 estableciendo cuotas y forzando reconversiones sectoriales. Entonces responder\u00e1n con evasivas cuando los periodistas les pregunten sin tregua sobre las idioteces que dijeron en julio de 2021 y el tiempo de ventaja que concedieron a los desastres anunciados.<\/p>\n\n\n\n<p>Aunque tambi\u00e9n puede ocurrir que nunca haya en el Reino de Espa\u00f1a suficientes periodistas de los que preguntan sin tregua a los pol\u00edticos.<\/p>\n\n\n\n<p>Al d\u00eda siguiente la reuni\u00f3n con Ayuso en La Moncloa, pero me cuadra m\u00e1s entrar antes en la crisis del gobierno.<\/p>\n\n\n\n<p>Como en cualquier organizaci\u00f3n humana cuyos componentes son nombrados por un jefe, los cambios de nombres hay que interpretarlos empatizando con el jefe, es decir, poni\u00e9ndonos en su lugar.<\/p>\n\n\n\n<p>Marco Antonio Aguirre se ha quedado corto esta ma\u00f1ana de lunes 12 con su comentario en La SER, pues se ha limitado a criticar la impertinencia de S\u00e1nchez hacia los cesados, al destacar en su comparecencia que el nuevo Consejo tiene una edad media cinco a\u00f1os m\u00e1s joven que el anterior.<\/p>\n\n\n\n<p>Merece la pena abundar.<\/p>\n\n\n\n<p>Pedro S\u00e1nchez tiene 49 a\u00f1os y la edad media de los siete cesados es de 60, once m\u00e1s que \u00e9l y el m\u00e1s joven de los siete 52, mientras que la edad media de los nuevos es de 44, cinco menos que quien presidir\u00e1 sus reuniones m\u00e1s importantes. Como para mirarlo mal desde cualquier sitio de la mesa.<\/p>\n\n\n\n<p>Y todo hace pensar que, antes de elegir a cada uno de los nuevos, S\u00e1nchez se ha interesado m\u00e1s por sus fechas de nacimiento que por sus curr\u00edculums, pues ya es casualidad que el m\u00e1s \u201cviejo\u201d de los nuevos tenga tres a\u00f1os menos que el menos \u201cviejo\u201d de los cesados.<\/p>\n\n\n\n<p>Por tanto, y por poner solo dos ejemplos, ll\u00e1mense S\u00e1nchez cesando a los ministros que le sosten\u00edan la mirada o un tal Juan Carlos I intrigando hasta conseguir que Adolfo Su\u00e1rez dimitiera, ten\u00eda cinco a\u00f1os mas que ese rey, y ello a pesar del peligro que supuso el 23F, hay que insistir en que quienes mandan en el Reino de Espa\u00f1a no solo aprovechan lo que sea para crear conflictos que conviertan la pol\u00edtica en demagogia sino que, adem\u00e1s, necesitan que sus colaboradores cercanos no sientan ni la tentaci\u00f3n de defender matices.<\/p>\n\n\n\n<p>No hay bien que por mal no venga y as\u00ed encontramos que las grandes crisis, que tanta pobreza y desigualdad han ocasionado, han conseguido que, a la hora de votar, el electorado decidiera obligar a los pol\u00edticos a formar gobiernos de coalici\u00f3n en los que no todos los ministros dependen del mismo presidente.<\/p>\n\n\n\n<p>Y, por \u00faltimo, le llega el turno a Isabel D\u00edaz Ayuso.<\/p>\n\n\n\n<p>El problema m\u00e1s importante del Reino de Espa\u00f1a se llama Catalunya y, por eso, la mayor aliada de S\u00e1nchez para no caer derrotado por una rep\u00fablica catalana es ella, en tanto que presidenta de una \u201cAutonom\u00eda\u201d que, en justicia, lo que deber\u00eda es depender de La Moncloa, o quiz\u00e1s del Congreso, inventando un modelo nuevo, para distribuir por toda la periferia los privilegios de que disfruta como capitalidad. En ese caso no ocurrir\u00eda, por ejemplo, que Ximo Puig tuviera que mantener, tambi\u00e9n durante la misma semana pasada, un encuentro en Mallorca con Francina Armengol para proclamar que \u201cMadrid es una aspiradora de recursos\u201d.<\/p>\n\n\n\n<p>Pero no, y el mismo S\u00e1nchez que no soporta a los ministros de su mismo PSOE que puedan opinar distinto es capaz de aguantar durante m\u00e1s de una hora, y como invitada, a una D\u00edaz Ayuso que solo habl\u00f3 ella de lo que a ella le dio la gana, Catalunya, porque sabe que al otro no le queda m\u00e1s remedio que escucharla, pues le debe la mucha agresividad y amenaza que la madrile\u00f1a ha desplegado contra los secesionistas.<\/p>\n\n\n\n<p>A cambio, S\u00e1nchez cree que Ayuso debilita a Casado, su te\u00f3rico adversario.<\/p>\n\n\n\n<p>La esperanza que nos queda con el siempre sorprendente S\u00e1nchez es lo que se pueda ocultar tras el aparente di\u00e1logo de sordos que eligi\u00f3 \u201cEl Pa\u00eds\u201d para resumir lo que hab\u00eda ocurrido en la reuni\u00f3n entre ambos \u201csocios u\u00f1a y carne\u201d contra el derecho a decidir en Catalunya, caiga quien caiga.<\/p>\n\n\n\n<p>Firmado por Carlos E. Cu\u00e9 y Juan Jos\u00e9 Mateo, titulan as\u00ed su cr\u00f3nica:<\/p>\n\n\n\n<p><strong><em>Ayuso: \u201cVamos a un cambio de r\u00e9gimen\u201d.<\/em><\/strong><\/p>\n\n\n\n<p><strong><em>S\u00e1nchez: \u201cSomos el partido de la Constituci\u00f3n, no vamos a romper Espa\u00f1a\u201d<\/em><\/strong><strong><em><\/em><\/strong><\/p>\n\n\n\n<p>\u00bfEsconde Pedro S\u00e1nchez una estrategia hacia el cambio de \u201cr\u00e9gimen\u201d, a traducir por \u201cforma de Estado\u201d mediante una reforma constitucional, para evitar que se rompa Espa\u00f1a, a la vista de que la monarqu\u00eda de Felipe VI es el factor que, por los siglos de los siglos, impedir\u00e1 espa\u00f1olizar de nuevo la voluntad de los catalanes en las urnas?<\/p>\n\n\n\n<p><span style=\"background-color:#010c11\" class=\"td_text_highlight_marker\">Domingo Sanz<\/span><\/p>\n","protected":false},"excerpt":{"rendered":"<p>Cualquier noticia que dure m\u00e1s de doce horas en las portadas virtuales ya est\u00e1 batiendo un r\u00e9cord de longevidad, y cuando la del \u201cchulet\u00f3n al punto imbatible\u201d del jueves 8 a\u00fan no aburr\u00eda, su autor, siempre dispuesto a lo que haga falta para seguir en candelero, ya nos ten\u00eda preparadas una reuni\u00f3n con Ayuso el [&hellip;]<\/p>\n","protected":false},"author":2,"featured_media":1515,"comment_status":"open","ping_status":"open","sticky":false,"template":"","format":"standard","meta":{"footnotes":""},"categories":[139],"tags":[],"class_list":{"0":"post-3315","1":"post","2":"type-post","3":"status-publish","4":"format-standard","5":"has-post-thumbnail","7":"category-opinio"},"_links":{"self":[{"href":"https:\/\/www.areabesos.com\/diario\/wp-json\/wp\/v2\/posts\/3315","targetHints":{"allow":["GET"]}}],"collection":[{"href":"https:\/\/www.areabesos.com\/diario\/wp-json\/wp\/v2\/posts"}],"about":[{"href":"https:\/\/www.areabesos.com\/diario\/wp-json\/wp\/v2\/types\/post"}],"author":[{"embeddable":true,"href":"https:\/\/www.areabesos.com\/diario\/wp-json\/wp\/v2\/users\/2"}],"replies":[{"embeddable":true,"href":"https:\/\/www.areabesos.com\/diario\/wp-json\/wp\/v2\/comments?post=3315"}],"version-history":[{"count":1,"href":"https:\/\/www.areabesos.com\/diario\/wp-json\/wp\/v2\/posts\/3315\/revisions"}],"predecessor-version":[{"id":3316,"href":"https:\/\/www.areabesos.com\/diario\/wp-json\/wp\/v2\/posts\/3315\/revisions\/3316"}],"wp:featuredmedia":[{"embeddable":true,"href":"https:\/\/www.areabesos.com\/diario\/wp-json\/wp\/v2\/media\/1515"}],"wp:attachment":[{"href":"https:\/\/www.areabesos.com\/diario\/wp-json\/wp\/v2\/media?parent=3315"}],"wp:term":[{"taxonomy":"category","embeddable":true,"href":"https:\/\/www.areabesos.com\/diario\/wp-json\/wp\/v2\/categories?post=3315"},{"taxonomy":"post_tag","embeddable":true,"href":"https:\/\/www.areabesos.com\/diario\/wp-json\/wp\/v2\/tags?post=3315"}],"curies":[{"name":"wp","href":"https:\/\/api.w.org\/{rel}","templated":true}]}}