{"id":3291,"date":"2021-07-07T10:00:00","date_gmt":"2021-07-07T08:00:00","guid":{"rendered":"http:\/\/www.areabesos.com\/diario\/?p=3291"},"modified":"2021-07-07T10:23:40","modified_gmt":"2021-07-07T08:23:40","slug":"el-consell-municipal-de-medi-ambient-debat-sobre-els-sols-contaminats-a-la-ciutat","status":"publish","type":"post","link":"https:\/\/www.areabesos.com\/diario\/el-consell-municipal-de-medi-ambient-debat-sobre-els-sols-contaminats-a-la-ciutat\/","title":{"rendered":"El Consell Municipal de Medi Ambient debat sobre els s\u00f2ls contaminats a la ciutat"},"content":{"rendered":"\n<p>El passat 5 de juliol es va celebrar una nova edici\u00f3 del Consell Municipal de Medi Ambient. Hi van assistir l\u2019alcaldessa, Filo Ca\u00f1ete, i la regidora de Territori i presidenta del Consell, Ruth Soto.<\/p>\n\n\n\n<p>L\u2019alcaldessa va manifestar la voluntat d\u2019iniciar una nova etapa amb les entitats mediambientalistes i es va comprometre a \u00abpartir de zero\u00bb i treballar per un apropament entre Ajuntament i entitats i per la millora de les relacions. Ca\u00f1ete tamb\u00e9 va insistir en que la voluntat de defensa del medi ambient a la ciutat ha de ser \u00abun viatge conjunt\u00bb d\u2019administraci\u00f3 i entitats. L\u2019alcaldessa va acabar la seva intervenci\u00f3 agraint la tasca i la dedicaci\u00f3 de les entitats i va destacar el treball sobre \u00abel mapa de possibles s\u00f2ls contaminants a la ciutat\u00bb, fruit de la col\u00b7laboraci\u00f3 entre les entitats i el Consorci del Bes\u00f2s. \u00abAquest ha de ser el cam\u00ed\u00bb, va assenyalar l\u2019alcaldessa, i va afegir que el Consell Municipal de Medi Ambient ha d\u2019evolucionar cap a un espai de treball compartit amb diferents comissions.<\/p>\n\n\n\n<p>Al Consell es van tractar els temes seg\u00fcents:<\/p>\n\n\n\n<ul class=\"wp-block-list\"><li>La descontaminaci\u00f3 de la Rambleta i la reanudaci\u00f3 de les obres<\/li><li>L\u2019estat del tancament de la platja del Litoral. D\u2019una banda, es va informar sobre la reuni\u00f3 que l\u2019Ajuntament va tenir amb el Ministerio de Transici\u00f3n Ecol\u00f3gica y Reto Demogr\u00e1fico. D\u2019altra banda, es van explicar els darrers estudis que va fer el Consorci del Bes\u00f2s pel que fa a la platja.<\/li><li>Els resultats dels estudis de s\u00f2ls potencialment contaminats. Aquest punt va quedar sobre la taula per fer una valoraci\u00f3 m\u00e9s en profunditat un cop les entitats rebessin l\u2019 estudi.<\/li><li>El Consorci del Bes\u00f2s va presentar l&#8217;estudi conjunt amb les entitats sobre el mapa de s\u00f2ls potencialment contaminats a la ciutat, que en breu es far\u00e0 arribar a totes les parts.<\/li><li>Es va iniciar el debat per proposar les comissions de treball on juntament amb les entitats es definir\u00e0 el funcionament del Consell.<\/li><\/ul>\n","protected":false},"excerpt":{"rendered":"<p>El passat 5 de juliol es va celebrar una nova edici\u00f3 del Consell Municipal de Medi Ambient. Hi van assistir l\u2019alcaldessa, Filo Ca\u00f1ete, i la regidora de Territori i presidenta del Consell, Ruth Soto. L\u2019alcaldessa va manifestar la voluntat d\u2019iniciar una nova etapa amb les entitats mediambientalistes i es va comprometre a \u00abpartir de zero\u00bb [&hellip;]<\/p>\n","protected":false},"author":2,"featured_media":3292,"comment_status":"open","ping_status":"open","sticky":false,"template":"","format":"standard","meta":{"footnotes":""},"categories":[134,135],"tags":[],"class_list":{"0":"post-3291","1":"post","2":"type-post","3":"status-publish","4":"format-standard","5":"has-post-thumbnail","7":"category-actualitat","8":"category-societat"},"_links":{"self":[{"href":"https:\/\/www.areabesos.com\/diario\/wp-json\/wp\/v2\/posts\/3291","targetHints":{"allow":["GET"]}}],"collection":[{"href":"https:\/\/www.areabesos.com\/diario\/wp-json\/wp\/v2\/posts"}],"about":[{"href":"https:\/\/www.areabesos.com\/diario\/wp-json\/wp\/v2\/types\/post"}],"author":[{"embeddable":true,"href":"https:\/\/www.areabesos.com\/diario\/wp-json\/wp\/v2\/users\/2"}],"replies":[{"embeddable":true,"href":"https:\/\/www.areabesos.com\/diario\/wp-json\/wp\/v2\/comments?post=3291"}],"version-history":[{"count":1,"href":"https:\/\/www.areabesos.com\/diario\/wp-json\/wp\/v2\/posts\/3291\/revisions"}],"predecessor-version":[{"id":3293,"href":"https:\/\/www.areabesos.com\/diario\/wp-json\/wp\/v2\/posts\/3291\/revisions\/3293"}],"wp:featuredmedia":[{"embeddable":true,"href":"https:\/\/www.areabesos.com\/diario\/wp-json\/wp\/v2\/media\/3292"}],"wp:attachment":[{"href":"https:\/\/www.areabesos.com\/diario\/wp-json\/wp\/v2\/media?parent=3291"}],"wp:term":[{"taxonomy":"category","embeddable":true,"href":"https:\/\/www.areabesos.com\/diario\/wp-json\/wp\/v2\/categories?post=3291"},{"taxonomy":"post_tag","embeddable":true,"href":"https:\/\/www.areabesos.com\/diario\/wp-json\/wp\/v2\/tags?post=3291"}],"curies":[{"name":"wp","href":"https:\/\/api.w.org\/{rel}","templated":true}]}}