{"id":3287,"date":"2021-07-07T10:24:34","date_gmt":"2021-07-07T08:24:34","guid":{"rendered":"http:\/\/www.areabesos.com\/diario\/?p=3287"},"modified":"2021-07-07T10:24:09","modified_gmt":"2021-07-07T08:24:09","slug":"el-ministerio-de-transicion-ecologica-y-reto-demografico-es-compromet-a-signar-un-acord-per-recuperar-la-platja-del-litoral-i-el-seu-entorn","status":"publish","type":"post","link":"https:\/\/www.areabesos.com\/diario\/el-ministerio-de-transicion-ecologica-y-reto-demografico-es-compromet-a-signar-un-acord-per-recuperar-la-platja-del-litoral-i-el-seu-entorn\/","title":{"rendered":"El Ministerio de Transici\u00f3n Ecol\u00f3gica y Reto Demogr\u00e1fico es compromet a signar un acord per recuperar la platja del Litoral i el seu entorn"},"content":{"rendered":"\n<p><strong>L\u2019alcaldessa de Sant Adri\u00e0,&nbsp; Filo Ca\u00f1ete, <\/strong>va reunir-se el passat 5 de juliol, amb <strong>el subdirector general para la protecci\u00f3n de la costa de la Direcci\u00f3n general de la Costa y el Mar del Ministerio de Transici\u00f3n Ecol\u00f3gica y Reto Demogr\u00e1fico, \u00c1ngel Mu\u00f1oz<\/strong>. L\u2019objectiu de la trobada era establir un full de ruta i prioritzar la recuperaci\u00f3 de la platja del Litoral.<\/p>\n\n\n\n<p>A la reuni\u00f3 tamb\u00e9 van participar, entre altres, la regidora de Territori de Sant Adri\u00e0 de Bes\u00f2s, Ruth Soto; el cap de la demarcaci\u00f3 territorial de Costes del Ministerio de Transici\u00f3n Ecol\u00f3gica y Reto Demogr\u00e1fico<strong>, <\/strong>Diego Fern\u00e1ndez<strong>; <\/strong>el subdelegat del Govern de Barcelona, Carlos Prieto; el cap del departament de Gesti\u00f3 de la Contaminaci\u00f3 del S\u00f2l, Josep Dom\u00e8nech; i la gerent del Consorci del Bes\u00f2s, Carme Ribas.<\/p>\n\n\n\n<p><strong>L\u2019alcaldessa va demanar al Ministeri<\/strong><strong> <\/strong><strong>el compliment de les peticions fetes des de fa temps sobre l\u2019\u00e0mbit del front litoral. Ca\u00f1ete va demanar tamb\u00e9, en el marc de tota la operativa, la prioritzaci\u00f3 de les intervencions per recuperar la platja del Litoral per al seu \u00fas de bany i&nbsp; que la data m\u00e0xima fos la primavera de l\u2019any vinent.<\/strong><\/p>\n\n\n\n<p>La resposta dels representants del Ministeri va ser positiva i van expressar el seu comprom\u00eds de dur a terme les actuacions necess\u00e0ries per recuperar la platja i el seu entorn amb l\u2019acord de tots els actors que hi participen. <strong>En aquesta l\u00ednia va parlar de la signatura d\u2019un acord marc<\/strong> entre el Ministeri, la Generalitat, els ajuntaments de Sant Adri\u00e0 de Bes\u00f2s i Badalona i l\u2019\u00c0rea Metropolitana de Barcelona (AMB) on <strong>s\u2019establiria el full de ruta per a la recuperaci\u00f3 de tot l\u2019\u00e0mbit del front litoral.<\/strong><\/p>\n\n\n\n<p><strong>Pel que fa al full de ruta<\/strong>, que ja s\u2019ha comen\u00e7at a treballar, es va fer \u00e8mfasi en que la primera acci\u00f3 fos <strong>la descontaminaci\u00f3 urgent de la platja, i a continuaci\u00f3, <\/strong>&nbsp;<strong>la dignificaci\u00f3 de la platja i l\u2019entorn del litoral<\/strong> amb tot un ventall d\u2019actuacions que es durien a terme, a l\u2019espera de la transformaci\u00f3 definitiva prevista en el PDU de les Tres Xemeneies. Aquestes actuacions inclourien l\u2019estabilitzaci\u00f3 de les platges de l\u2019entorn, la millora de la biodiversitat marina amb parcs d\u2019esculls, la creaci\u00f3 d\u2019un passeig entre Sant Adri\u00e0 i Badalona i millores urban\u00edstiques.<\/p>\n\n\n\n<p><strong>El Ministeri va demanar al Consorci del Bes\u00f2s i a l\u2019Ag\u00e8ncia Catalana de Residus<\/strong> que defineixen el m\u00e9s aviat possible les actuacions que cal realitzar per a la descontaminaci\u00f3 de la platja. L\u2019Ajuntament es va posar a disposici\u00f3 per fer les actuacions necess\u00e0ries per agilitar el proc\u00e9s.<\/p>\n\n\n\n<p>L\u2019alcaldessa de Sant Adri\u00e0 tamb\u00e9 va comunicar que l\u2019Ajuntament de Sant Adri\u00e0 <strong>ha obert un expedient informatiu <\/strong>per estudiar la possibilitat d\u2019exigir responsabilitats per la situaci\u00f3 de la platja despr\u00e9s de les obres fetes per a la instal\u00b7laci\u00f3 del cable submar\u00ed.<\/p>\n\n\n\n<p>Totes les administracions que van participar en la reuni\u00f3 van manifestar la voluntat de sumar esfor\u00e7os per poder obrir la platja del Litoral la propera primavera de 2022, com a molt tard.<\/p>\n","protected":false},"excerpt":{"rendered":"<p>L\u2019alcaldessa de Sant Adri\u00e0,&nbsp; Filo Ca\u00f1ete, va reunir-se el passat 5 de juliol, amb el subdirector general para la protecci\u00f3n de la costa de la Direcci\u00f3n general de la Costa y el Mar del Ministerio de Transici\u00f3n Ecol\u00f3gica y Reto Demogr\u00e1fico, \u00c1ngel Mu\u00f1oz. L\u2019objectiu de la trobada era establir un full de ruta i prioritzar [&hellip;]<\/p>\n","protected":false},"author":2,"featured_media":3016,"comment_status":"open","ping_status":"open","sticky":false,"template":"","format":"standard","meta":{"footnotes":""},"categories":[134,135],"tags":[],"class_list":{"0":"post-3287","1":"post","2":"type-post","3":"status-publish","4":"format-standard","5":"has-post-thumbnail","7":"category-actualitat","8":"category-societat"},"_links":{"self":[{"href":"https:\/\/www.areabesos.com\/diario\/wp-json\/wp\/v2\/posts\/3287","targetHints":{"allow":["GET"]}}],"collection":[{"href":"https:\/\/www.areabesos.com\/diario\/wp-json\/wp\/v2\/posts"}],"about":[{"href":"https:\/\/www.areabesos.com\/diario\/wp-json\/wp\/v2\/types\/post"}],"author":[{"embeddable":true,"href":"https:\/\/www.areabesos.com\/diario\/wp-json\/wp\/v2\/users\/2"}],"replies":[{"embeddable":true,"href":"https:\/\/www.areabesos.com\/diario\/wp-json\/wp\/v2\/comments?post=3287"}],"version-history":[{"count":1,"href":"https:\/\/www.areabesos.com\/diario\/wp-json\/wp\/v2\/posts\/3287\/revisions"}],"predecessor-version":[{"id":3288,"href":"https:\/\/www.areabesos.com\/diario\/wp-json\/wp\/v2\/posts\/3287\/revisions\/3288"}],"wp:featuredmedia":[{"embeddable":true,"href":"https:\/\/www.areabesos.com\/diario\/wp-json\/wp\/v2\/media\/3016"}],"wp:attachment":[{"href":"https:\/\/www.areabesos.com\/diario\/wp-json\/wp\/v2\/media?parent=3287"}],"wp:term":[{"taxonomy":"category","embeddable":true,"href":"https:\/\/www.areabesos.com\/diario\/wp-json\/wp\/v2\/categories?post=3287"},{"taxonomy":"post_tag","embeddable":true,"href":"https:\/\/www.areabesos.com\/diario\/wp-json\/wp\/v2\/tags?post=3287"}],"curies":[{"name":"wp","href":"https:\/\/api.w.org\/{rel}","templated":true}]}}