{"id":3285,"date":"2021-07-06T11:03:37","date_gmt":"2021-07-06T09:03:37","guid":{"rendered":"http:\/\/www.areabesos.com\/diario\/?p=3285"},"modified":"2021-07-06T11:03:39","modified_gmt":"2021-07-06T09:03:39","slug":"colonos","status":"publish","type":"post","link":"https:\/\/www.areabesos.com\/diario\/colonos\/","title":{"rendered":"Colonos"},"content":{"rendered":"\n<p>Por muchas vueltas que le demos, dos mundos siguen paralelos sin apenas rozarse: los pobres y los ricos. Las democracias insisten en reducirlo, pero no hacen m\u00e1s que alimentar la paradoja que confirma que ser progresista, feminista, explotador, racista o machista, no es por lo que se dice sino por lo que se hace: \u00bfQu\u00e9 podemos decir, de un hombre en favor de las clases populares que en su casa asfixia a su mujer y a sus hijas? \u00bfQu\u00e9 decir de la mujer que defiende los intereses de grupo y en su casa raramente le agradece a la limpiadora y se refiere a ella, entre amigas, como \u00abesa gente\u00bb?<\/p>\n\n\n\n<p>Tales incoherencias hacen reflexionar sobre la ambig\u00fcedad del momento y el da\u00f1o \u00e9tico que estos descalabros nos causan. El patriotismo es un privilegio de los que mandan porque distraen, porque desv\u00edan la atenci\u00f3n. El victimismo est\u00e1 al otro lado del espejo, el tan rastrero \u00aby t\u00fa m\u00e1s\u00bb de la pol\u00edtica actual.<\/p>\n\n\n\n<p>A la burgues\u00eda \u201c<em>indepe\u201d, &nbsp;alguien <\/em>les ha convencido de que son unos oprimidos cuando en realidad son unos opresores: un exconseller indultado orden\u00f3 cargas policiales sin escr\u00fapulos a grupos juveniles cuando otros exconsellers, indultados, les alentaban a la rebeld\u00eda. <em>Demasiado tiempo aguantando que <\/em>&nbsp;esos \u201c<em>cansados de vivir<\/em> <em>bien<\/em>\u201d sean los que m\u00e1s lloran. La <strong>rica burgues\u00eda catalana,<\/strong>y sus hijos universitarios, forman parte de la gente que mejor vive en todo el mundo; seg\u00fan se &nbsp;avanza hacia las zonas m\u00e1s ricas de las ciudades,&nbsp;los chalets son m\u00e1s grandes, los coches m\u00e1s lujosos y las \u201c<em>esteladas<\/em>\u201d m\u00e1s frecuentes porque, a mayor riqueza \u201c<em>m\u00e1s oprimidos<\/em>\u201d: dolor y felicidad son hermanos gemelos, dec\u00eda Nietzsche, aunque por otras razones.<\/p>\n\n\n\n<p>En ese circo esperp\u00e9ntico se encuentran los interesados en demostrar la catalanidad de Crist\u00f3bal Col\u00f3n o Teresa de \u00c1vila.&nbsp; Pero lo serio es que los catalanes franquistas protagonizaron una gran<strong> conversi\u00f3n hacia la democracia y el catalanismo en las \u00faltimas d\u00e9cadas del siglo XX. S<\/strong>iempre han mandado los mismos. Muchos ya eran ricos, otros hicieron su fortuna con la especulaci\u00f3n, las influencias, la estafa, el desfalco, aprovech\u00e1ndose de los privilegios que les brindaron. Patriotismo y patrimonio, desde los ayuntamientos en los que nunca han dejado de pulular, desde las diputaciones donde jam\u00e1s han dejado de intrigar, desde los palacios exclusivamente suyos, &nbsp;desde los puestos de responsabilidad que acapararon en las instituciones tanto creadas como recuperadas. Un grupo social que vive&nbsp; a cuerpo de rey y que frecuenta el Liceo, el Real Club de Polo, El C\u00edrculo Ecuestre, el Tibidabo, los Juegos Florales, el Foment,&nbsp; la Cambra Oficial de Comer\u00e7 (por cierto, la mayor\u00eda de sus empleados son falsos aut\u00f3nomos, es decir, trabajan en la ilegalidad), l\u2019Orfe\u00f3, el Brusi, la Banderita de la Cruz Roja, \u00d3mnium Cultural, los Rockefeller, la gran Enciclopedia Catalana, la Abad\u00eda de Montserrat, el Bar\u00e7a, las Llars Mundet, El Socorro Blanco, el Congreso Eucar\u00edstico\u2026 En todos esos sitios han seguido hasta el final de sus vidas dejando una larga estirpe que se intuye nada m\u00e1s leyendo la lista de representantes a las elecciones.<\/p>\n\n\n\n<p>Habr\u00e1 que buscar un camino de salida respetable (no como aquella dolorosa huida pirenaica de los poetas Riba y Machado) para el nuevo catalanismo democr\u00e1tico.<\/p>\n\n\n\n<p><span style=\"background-color:#000a0e\" class=\"td_text_highlight_marker\">Francesc Reina<\/span><\/p>\n","protected":false},"excerpt":{"rendered":"<p>Por muchas vueltas que le demos, dos mundos siguen paralelos sin apenas rozarse: los pobres y los ricos. Las democracias insisten en reducirlo, pero no hacen m\u00e1s que alimentar la paradoja que confirma que ser progresista, feminista, explotador, racista o machista, no es por lo que se dice sino por lo que se hace: \u00bfQu\u00e9 [&hellip;]<\/p>\n","protected":false},"author":2,"featured_media":1602,"comment_status":"open","ping_status":"open","sticky":false,"template":"","format":"standard","meta":{"footnotes":""},"categories":[139],"tags":[],"class_list":{"0":"post-3285","1":"post","2":"type-post","3":"status-publish","4":"format-standard","5":"has-post-thumbnail","7":"category-opinio"},"_links":{"self":[{"href":"https:\/\/www.areabesos.com\/diario\/wp-json\/wp\/v2\/posts\/3285","targetHints":{"allow":["GET"]}}],"collection":[{"href":"https:\/\/www.areabesos.com\/diario\/wp-json\/wp\/v2\/posts"}],"about":[{"href":"https:\/\/www.areabesos.com\/diario\/wp-json\/wp\/v2\/types\/post"}],"author":[{"embeddable":true,"href":"https:\/\/www.areabesos.com\/diario\/wp-json\/wp\/v2\/users\/2"}],"replies":[{"embeddable":true,"href":"https:\/\/www.areabesos.com\/diario\/wp-json\/wp\/v2\/comments?post=3285"}],"version-history":[{"count":1,"href":"https:\/\/www.areabesos.com\/diario\/wp-json\/wp\/v2\/posts\/3285\/revisions"}],"predecessor-version":[{"id":3286,"href":"https:\/\/www.areabesos.com\/diario\/wp-json\/wp\/v2\/posts\/3285\/revisions\/3286"}],"wp:featuredmedia":[{"embeddable":true,"href":"https:\/\/www.areabesos.com\/diario\/wp-json\/wp\/v2\/media\/1602"}],"wp:attachment":[{"href":"https:\/\/www.areabesos.com\/diario\/wp-json\/wp\/v2\/media?parent=3285"}],"wp:term":[{"taxonomy":"category","embeddable":true,"href":"https:\/\/www.areabesos.com\/diario\/wp-json\/wp\/v2\/categories?post=3285"},{"taxonomy":"post_tag","embeddable":true,"href":"https:\/\/www.areabesos.com\/diario\/wp-json\/wp\/v2\/tags?post=3285"}],"curies":[{"name":"wp","href":"https:\/\/api.w.org\/{rel}","templated":true}]}}