{"id":3121,"date":"2021-07-04T10:48:00","date_gmt":"2021-07-04T08:48:00","guid":{"rendered":"http:\/\/www.areabesos.com\/diario\/?p=3121"},"modified":"2021-07-05T10:49:38","modified_gmt":"2021-07-05T08:49:38","slug":"el-psoe-nunca-jamas-aceptara-ha-dicho-pedro-sanchez","status":"publish","type":"post","link":"https:\/\/www.areabesos.com\/diario\/el-psoe-nunca-jamas-aceptara-ha-dicho-pedro-sanchez\/","title":{"rendered":"\u201cEl PSOE nunca jam\u00e1s aceptar\u00e1\u2026\u201d, ha dicho Pedro S\u00e1nchez"},"content":{"rendered":"\n<p>Aunque el t\u00edtulo lo insin\u00fae, lo que sigue no es un listado de cosas dichas por S\u00e1nchez un d\u00eda y las contrarias el siguiente, pues, \u201cquien est\u00e9 libre de pecado\u2026\u201d. Adem\u00e1s, para \u201cromperse\u201d la cara a \u201cpedradas\u201d verbales ya est\u00e1n los habituales del Congreso, y no se trata de repetir aqu\u00ed lo que cada d\u00eda estamos viendo.<\/p>\n\n\n\n<p>El S\u00e1nchez de esta transici\u00f3n es el Su\u00e1rez de la anterior y sorprender a todos, aunque insulten, fue y sigue siendo fundamental para seguir en La Moncloa. Adem\u00e1s, Pedro tiene la ventaja de que Felipe VI no puede intrigar contra \u00e9l como Juan Carlos I hizo con Adolfo hasta conseguir que dimitiera.<\/p>\n\n\n\n<p>Qu\u00e9 sepamos.<\/p>\n\n\n\n<p>Pero S\u00e1nchez tendr\u00e1 que \u201caceptar\u201d. De lo contrario, el futuro de este PSOE no se alejar\u00e1 demasiado del presente que \u201cdisfruta\u201d el PP que presidi\u00f3 Rajoy.<\/p>\n\n\n\n<p>Resumir con cifras de las que no mienten, pero que s\u00ed duelen, lo que le ocurri\u00f3 al PP por no responder con pol\u00edtica a la pol\u00edtica con may\u00fasculas que ven\u00eda de Catalunya sirve para ser breve y evidente: de los 186 esca\u00f1os que disfrutaba en 2014 ha pasado a 89 y, aunque sumara hoy los de Vox y Ciudadanos, le seguir\u00edan faltando 35 para alcanzar aquella mayor\u00eda.<\/p>\n\n\n\n<p>Otra cosa son las encuestas. Est\u00e1n volviendo a Casado tan loco como para pedir elecciones, pero son demoscopias como si fueran veletas.<\/p>\n\n\n\n<p>Conviene comenzar por recordar que en 2023 tambi\u00e9n vence el primer plazo del doble pacto entre ERC, JxCat y la CUP que permiti\u00f3 investir a Aragon\u00e9s.<\/p>\n\n\n\n<p>En 2014 gobernaba el mismo Rajoy que en 2006 se hab\u00eda puesto a recoger firmas por toda Espa\u00f1a contra el nuevo Estatut de Catalunya y, por tanto, no estaba dispuesto a aceptar lo que le estaba pidiendo Artur M\u00e1s, algo tan legal como aplicar lo establecido en el art\u00edculo 150.2 en relaci\u00f3n con el 92.1 de la Constituci\u00f3n de 1978. Qu\u00e9 siguen vigentes.<\/p>\n\n\n\n<p>Era l\u00f3gico que M\u00e1s reclamara a Rajoy esos art\u00edculos: el Constitucional, en 2010, le hab\u00eda negado a Catalunya el nuevo Estatut votado a\u00f1os antes y en refer\u00e9ndum por los catalanes. Y aprobado en el Congreso.<\/p>\n\n\n\n<p>Hab\u00eda que estar ciego de espa\u00f1olismo prepotente y autoritario para no sentarse a negociar esa propuesta catalana. A partir de la consulta popular de Arenys de Munt se sucedieron muchas m\u00e1s en pueblos y ciudades. Y cientos de miles llenaban las Diadas desde 2011. Y las largas colas para votar en la consulta del 9N de 2014 demostr\u00f3 que m\u00e1s catalanes que menos segu\u00edan reclamando el derecho a decidir.<\/p>\n\n\n\n<p>El \u00e9xito de aquella movilizaci\u00f3n ante las urnas propici\u00f3 la coalici\u00f3n transversal entre CiU y ERC que, a falta de un refer\u00e9ndum pactado, convirti\u00f3 en plebiscitarias las elecciones catalanas de 2015. Con un refer\u00e9ndum de autodeterminaci\u00f3n en su programa electoral.<\/p>\n\n\n\n<p>Desde la aplicaci\u00f3n del 155, los porcentajes independentistas no han dejado de crecer en las urnas y todo lo que sigue ocurriendo, sean c\u00e1rceles, exilios, multas o indultos, no parecen sino momentos de un par\u00e9ntesis necesario para que los independentistas consigan su objetivo.<\/p>\n\n\n\n<p>Esta semana, el S\u00e1nchez de \u201cnunca jam\u00e1s un refer\u00e9ndum\u201d ha citado el art\u00edculo 2 de la Constituci\u00f3n, un texto que no habla de urnas ni de democracia sino de un mapa convertido en amenaza contra quien pretenda cambiarlo, sobre todo si tiene un DNI del Reino de Espa\u00f1a.<\/p>\n\n\n\n<p>Desde Catalunya, y subido en un 1 de octubre de 2017 del que es imposible bajarse, Aragon\u00e9s le ha concedido a S\u00e1nchez la oportunidad que significa repetir la propuesta que M\u00e1s le present\u00f3 a Rajoy: aplicar el art\u00edculo 150.2 en relaci\u00f3n con el 92.1 de la Constituci\u00f3n de 1978.<\/p>\n\n\n\n<p>Es decir, sin necesidad de tres quintas partes del Congreso. Pero \u201chace falta valor\u201d. Mucho m\u00e1s del que imaginaban los de Radio Futura en su Escuela de Calor de 1984 y, sobre todo, del que hoy mismo, 3 de julio, ha presumido S\u00e1nchez en su Comit\u00e9 Federal para unos indultos \u201cordenados\u201d desde Europa.&nbsp;<\/p>\n\n\n\n<p>Pero Pedro S\u00e1nchez se va a equivocar, como Rajoy, aunque la prepotencia que tambi\u00e9n le invade haya nacido de unas circunstancias muy distintas.<\/p>\n\n\n\n<p>Sin \u00e1nimo de ser exhaustivo, citar\u00e9 seis hechos que ha vivido o est\u00e1 viviendo S\u00e1nchez y que son de los que le inflan el ego a cualquiera:<\/p>\n\n\n\n<p>\u00b7&nbsp;&nbsp;&nbsp;&nbsp;&nbsp;&nbsp;&nbsp;&nbsp; Un a\u00f1o 2020 quitando poder a los territorios por la pandemia.<\/p>\n\n\n\n<p>\u00b7&nbsp;&nbsp;&nbsp;&nbsp;&nbsp;&nbsp;&nbsp;&nbsp; Env\u00edo de Juan Carlos I a Abu Dabi y que no pase nada.<\/p>\n\n\n\n<p>\u00b7&nbsp;&nbsp;&nbsp;&nbsp;&nbsp;&nbsp;&nbsp;&nbsp; Pablo Iglesias abandonando la pol\u00edtica.<\/p>\n\n\n\n<p>\u00b7&nbsp;&nbsp;&nbsp;&nbsp;&nbsp;&nbsp;&nbsp;&nbsp; Las portadas con leyes nuevas impulsadas por su gobierno.<\/p>\n\n\n\n<p>\u00b7&nbsp;&nbsp;&nbsp;&nbsp;&nbsp;&nbsp;&nbsp;&nbsp; Los miles de millones de euros Covid llegando desde Europa.<\/p>\n\n\n\n<p>\u00b7&nbsp;&nbsp;&nbsp;&nbsp;&nbsp;&nbsp;&nbsp;&nbsp; Y Felipe VI convertido en \u201cuna pieza m\u00e1s de la \u2018operaci\u00f3n reencuentro\u2019 con Catalunya\u201d, tal como titula hoy Arturo Puente su art\u00edculo, lo que aleja en el rey la tentaci\u00f3n borb\u00f3nica de intervenir en pol\u00edtica por su cuenta.<\/p>\n\n\n\n<p>S\u00e1nchez sabe que, al igual que Juan Carlos I hizo dimitir a Su\u00e1rez y eso fue decisivo para los 202 esca\u00f1os del PSOE en octubre\/1982, Felipe VI destroz\u00f3 a Rajoy el 3 de octubre de 2017, consiguiendo que le entregara el Gobierno sin ofrecer resistencia durante la moci\u00f3n de censura que present\u00f3 con la excusa de un juicio por corrupci\u00f3n en el que el del PP declar\u00f3 como testigo. &nbsp;<\/p>\n\n\n\n<p>En este momento S\u00e1nchez se considera capaz de enfrentarse a cualquier reto, incluso al planteado por los independentistas, gracias, adem\u00e1s, a que cuenta con el amplio margen de maniobra que proporciona la represi\u00f3n ejercida, y que se sigue ejerciendo sin descanso, tanto contra sus l\u00edderes como contra muchos de los activistas que han participado en la mayor movilizaci\u00f3n pol\u00edtica europea de las \u00faltimas d\u00e9cadas.<\/p>\n\n\n\n<p>Incluso las sentencias que vengan desde los tribunales europeos, que varios magistrados del Supremo temen, solo ser\u00e1n incidentes de los que ni siquiera se har\u00e1n el eco debido las portadas importantes y ante las que, como con el informe aprobado por el Consejo de Europa, S\u00e1nchez se permitir\u00e1 el lujo de declarar que avalan su pol\u00edtica.<\/p>\n\n\n\n<p>Pero Puigdemont y Junqueras saben tambi\u00e9n que con las sentencias de Europa no conseguir\u00e1n la independencia de Catalunya. Por eso, el futuro de S\u00e1nchez y del PSOE depende mucho m\u00e1s de la reuni\u00f3n que el mi\u00e9rcoles 7 de julio ambos catalanes mantendr\u00e1n en Waterloo que de cualquier otra cosa.<\/p>\n\n\n\n<p><span style=\"background-color:#00080b\" class=\"td_text_highlight_marker\">Domingo Sanz<\/span><\/p>\n","protected":false},"excerpt":{"rendered":"<p>Aunque el t\u00edtulo lo insin\u00fae, lo que sigue no es un listado de cosas dichas por S\u00e1nchez un d\u00eda y las contrarias el siguiente, pues, \u201cquien est\u00e9 libre de pecado\u2026\u201d. Adem\u00e1s, para \u201cromperse\u201d la cara a \u201cpedradas\u201d verbales ya est\u00e1n los habituales del Congreso, y no se trata de repetir aqu\u00ed lo que cada d\u00eda [&hellip;]<\/p>\n","protected":false},"author":2,"featured_media":2515,"comment_status":"open","ping_status":"open","sticky":false,"template":"","format":"standard","meta":{"footnotes":""},"categories":[139],"tags":[],"class_list":{"0":"post-3121","1":"post","2":"type-post","3":"status-publish","4":"format-standard","5":"has-post-thumbnail","7":"category-opinio"},"_links":{"self":[{"href":"https:\/\/www.areabesos.com\/diario\/wp-json\/wp\/v2\/posts\/3121","targetHints":{"allow":["GET"]}}],"collection":[{"href":"https:\/\/www.areabesos.com\/diario\/wp-json\/wp\/v2\/posts"}],"about":[{"href":"https:\/\/www.areabesos.com\/diario\/wp-json\/wp\/v2\/types\/post"}],"author":[{"embeddable":true,"href":"https:\/\/www.areabesos.com\/diario\/wp-json\/wp\/v2\/users\/2"}],"replies":[{"embeddable":true,"href":"https:\/\/www.areabesos.com\/diario\/wp-json\/wp\/v2\/comments?post=3121"}],"version-history":[{"count":1,"href":"https:\/\/www.areabesos.com\/diario\/wp-json\/wp\/v2\/posts\/3121\/revisions"}],"predecessor-version":[{"id":3122,"href":"https:\/\/www.areabesos.com\/diario\/wp-json\/wp\/v2\/posts\/3121\/revisions\/3122"}],"wp:featuredmedia":[{"embeddable":true,"href":"https:\/\/www.areabesos.com\/diario\/wp-json\/wp\/v2\/media\/2515"}],"wp:attachment":[{"href":"https:\/\/www.areabesos.com\/diario\/wp-json\/wp\/v2\/media?parent=3121"}],"wp:term":[{"taxonomy":"category","embeddable":true,"href":"https:\/\/www.areabesos.com\/diario\/wp-json\/wp\/v2\/categories?post=3121"},{"taxonomy":"post_tag","embeddable":true,"href":"https:\/\/www.areabesos.com\/diario\/wp-json\/wp\/v2\/tags?post=3121"}],"curies":[{"name":"wp","href":"https:\/\/api.w.org\/{rel}","templated":true}]}}