{"id":3089,"date":"2021-06-24T12:18:00","date_gmt":"2021-06-24T10:18:00","guid":{"rendered":"http:\/\/www.areabesos.com\/diario\/?p=3089"},"modified":"2021-06-28T12:20:01","modified_gmt":"2021-06-28T10:20:01","slug":"la-vida-en-libertad-de-los-catalanes-indultados","status":"publish","type":"post","link":"https:\/\/www.areabesos.com\/diario\/la-vida-en-libertad-de-los-catalanes-indultados\/","title":{"rendered":"La vida en \u201clibertad\u201d de los catalanes indultados"},"content":{"rendered":"\n<p>\u201cHe visto cosas que vosotros no creer\u00edais\u201d dijo Rutger Hauer en su papel de replicante.<\/p>\n\n\n\n<p><br>Si, en lugar de una ficci\u00f3n en Los \u00c1ngeles de un futuro imaginado para 2019, Blade Runner hubiera acertado con el presente de la Espa\u00f1a de 2021, tan incre\u00edbles como \u201clas naves en llamas m\u00e1s all\u00e1 de Ori\u00f3n y los rayos C brillando en la oscuridad cerca de la puerta de Tannh\u00e4user\u201d habr\u00edan sido los peores deseos que cada d\u00eda reclaman algunos l\u00edderes pol\u00edticos espa\u00f1oles contra nueve adversarios catalanes que, entre otros \u201cdelitos\u201d, jam\u00e1s pusieron ninguna vida en peligro.<\/p>\n\n\n\n<p>\u00bfLe ha parecido adecuado lo de \u201cadversarios catalanes\u201d? Puede responderse usted mismo, ahora que est\u00e1 leyendo.<\/p>\n\n\n\n<p>Por tanto, a esos l\u00edderes espa\u00f1oles, Casado, Abascal y Arrimadas, convendr\u00eda preguntarles si consideran \u201cadversarios\u201d a esos nueve indultados, o prefieren decir \u201cenemigos\u201d, pues resulta importante saber si todos los actores pol\u00edticos de la democracia hablan el mismo idioma. Por lo de la convivencia.<\/p>\n\n\n\n<p>Quiz\u00e1s Pedro S\u00e1nchez se lo podr\u00eda preguntar a los tres, uno por uno, desde su esca\u00f1o, la semana que viene. Durante la sesi\u00f3n de control al gobierno.<\/p>\n\n\n\n<p>Pero esos tres l\u00edderes espa\u00f1oles lo son porque reciben la confianza de millones de personas a trav\u00e9s de las urnas. Y muchos comparten con los tres el odio hacia los indultados. Por eso, la rabia que llena sus almas derrotadas est\u00e1 creando una realidad nueva.<\/p>\n\n\n\n<p>Consiste en la aparici\u00f3n de un nicho espec\u00edfico en el mercado de las audiencias. Se trata de gentes que necesitan renovadas dosis del veneno informativo que fabrican las cloacas de la denominada \u201ccaverna medi\u00e1tica\u201d. Esta vez espec\u00edfico contra los nueve independentistas catalanes que vuelven a dormir con sus familias.<\/p>\n\n\n\n<p>Por tanto, prep\u00e1rense Bassa, Cuixart, Forcadell, Forn, Junqueras, Romeva, Rull, S\u00e1nchez y Turull. Los nueve republicanos independentistas ser\u00e1n vigilados sistem\u00e1ticamente por periodistas que seguir\u00e1n sus pasos, as\u00ed como todos los contactos que mantengan por privados que sean y cualquier actividad que realicen, por poco que se parezca a la pol\u00edtica, ser\u00e1 inmediatamente pasto de portadas para denunciar que los indultados deben regresar a prisi\u00f3n.<\/p>\n\n\n\n<p>Por su parte, las fuerzas represivas y los juzgados filtrar\u00e1n hacia esas cloacas cualquier expediente que se abra contra cualquiera de los nueve sobre quien recaiga la sospecha de que est\u00e1 haciendo pol\u00edtica.<\/p>\n\n\n\n<p>Y a esas noticias seguir\u00e1n opiniones, editoriales, y hasta intervenciones parlamentarias, acusando a Pedro S\u00e1nchez de no estar cumpliendo alguno o varios de los reales decretos 456 a 464 de 22 de junio de 2021, todos ellos firmados por Felipe VI, el obligado a ser \u201cc\u00f3mplice\u201d.<\/p>\n\n\n\n<p>En este panorama se da la circunstancia de que quien conseguir\u00e1 el mayor beneficio pol\u00edtico de las amenazas que desde la \u201ccaverna\u201d se activar\u00e1n contra los indultados es tambi\u00e9n el principal amenazado: tambi\u00e9n se llama Pedro S\u00e1nchez, pues resulta evidente que la protecci\u00f3n de los nueve l\u00edderes catalanes se convertir\u00e1 en un problema cargado de riesgos para Aragon\u00e9s, el principal representante de los \u201cadversarios\u201d catalanes de S\u00e1nchez en este momento.<\/p>\n\n\n\n<p>\u201cAdversarios\u201d, en este caso sin lugar a dudas, supongamos.<\/p>\n\n\n\n<p>Y cuando dos grandes bloques est\u00e1n tan enfrentados como los espa\u00f1olistas que gobiernan desde La Moncloa y los independentistas que hacen lo propio desde la Generalitat, no hay nada como crear problemas grandes, medianos y peque\u00f1os en el bloque adversario para desestabilizarlo y as\u00ed conseguir algunas victorias.<\/p>\n\n\n\n<p>Hoy ha sido un d\u00eda de abrazos, alegr\u00edas y proclamas a la salida de las tres prisiones donde segu\u00edan encerrados los presos pol\u00edticos catalanes.<\/p>\n\n\n\n<p>Poco antes de salir de prisi\u00f3n Junqueras afirm\u00f3 que los indultos demuestran la debilidad del Estado espa\u00f1ol. Tal opini\u00f3n, he dicho \u201copini\u00f3n\u201d, le ha costado dos a\u00f1os m\u00e1s durante los que estar\u00e1 sometido a la condici\u00f3n de reversibilidad impuesta en su indulto, un endurecimiento improvisado en la misma reuni\u00f3n del Gobierno del 22 de junio, tal como el ministro de Justicia ha informado hoy mismo, d\u00eda 23, en La SER.<\/p>\n\n\n\n<p>Acabo de leer que un tribunal ha anulado unas opiniones adoptadas por la Universidad de Barcelona sobre los presos que acaban de ser indultados.<\/p>\n\n\n\n<p>Un ministro castiga opiniones personales y un tribunal anula opiniones institucionales. Me reservo la nota que le concedo a esta democracia.<\/p>\n\n\n\n<p>No quiero ser aguafiestas, pero me temo que las salidas de la c\u00e1rcel que viv\u00ed durante la dictadura franquista eran m\u00e1s f\u00e1ciles de sobrellevar que la salida que acaban de celebrar los nueve catalanes en medio de una democracia repleta de franquistas vestidos con toda clase de disfraces.<\/p>\n\n\n\n<p>Recuerdo 1970. Tras salir, normalmente a la espera de juicio, a algunos nos invad\u00eda la sensaci\u00f3n, cuando camin\u00e1bamos por la calle, de que nos segu\u00eda un polic\u00eda de los de la banda de Billy el Ni\u00f1o. En mi caso, no pod\u00eda dejar de volver la mirada hacia atr\u00e1s cada medio minuto, pero la obsesi\u00f3n se curaba en no m\u00e1s de 15 o 20 d\u00edas.<\/p>\n\n\n\n<p>Creo que el l\u00edder de ERC tiene raz\u00f3n con lo de esa debilidad de Espa\u00f1a que a \u00e9l le ha salido tan cara. Quiz\u00e1s opine lo mismo que yo sobre sus causas.<\/p>\n\n\n\n<p>Adem\u00e1s de la presi\u00f3n creciente desde Europa y del 52% del independentismo en las \u00faltimas elecciones catalanas, creo que Pedro S\u00e1nchez no pod\u00eda soportar por m\u00e1s tiempo una situaci\u00f3n de la que era el \u00fanico responsable, tras asumir el compromiso de capturar a Puigdemont.<\/p>\n\n\n\n<p>Dos a\u00f1os despu\u00e9s a\u00fan no lo hab\u00eda conseguido, cada dos d\u00edas alguien se lo recordaba y est\u00e1bamos en una situaci\u00f3n de las que no admit\u00edan la menor demagogia por respuesta: los l\u00edderes catalanes que optaron por el exilio han salido ganando, frente a los que se entregaron a la justicia espa\u00f1ola.<\/p>\n\n\n\n<p>As\u00ed de sencillo, porque Pedro S\u00e1nchez dir\u00e1 una cosa hoy y otra ma\u00f1ana, pero es lo suficientemente humano como para confesarnos un d\u00eda que un tal Pablo Iglesias en su Consejo de Ministros no le dejar\u00eda dormir.<\/p>\n\n\n\n<p>Por eso mismo, nunca podr\u00edamos pensar que uno de sus sue\u00f1os tranquilos estar\u00eda protagonizado por un Puigdemont en libertad y un Junqueras en prisi\u00f3n. \u00a0\u00a0\u00a0<\/p>\n\n\n\n<p><span style=\"background-color:#010e13\" class=\"td_text_highlight_marker\">Domingo Sanz<\/span><\/p>\n","protected":false},"excerpt":{"rendered":"<p>\u201cHe visto cosas que vosotros no creer\u00edais\u201d dijo Rutger Hauer en su papel de replicante. Si, en lugar de una ficci\u00f3n en Los \u00c1ngeles de un futuro imaginado para 2019, Blade Runner hubiera acertado con el presente de la Espa\u00f1a de 2021, tan incre\u00edbles como \u201clas naves en llamas m\u00e1s all\u00e1 de Ori\u00f3n y los [&hellip;]<\/p>\n","protected":false},"author":2,"featured_media":1548,"comment_status":"open","ping_status":"open","sticky":false,"template":"","format":"standard","meta":{"footnotes":""},"categories":[139],"tags":[],"class_list":{"0":"post-3089","1":"post","2":"type-post","3":"status-publish","4":"format-standard","5":"has-post-thumbnail","7":"category-opinio"},"_links":{"self":[{"href":"https:\/\/www.areabesos.com\/diario\/wp-json\/wp\/v2\/posts\/3089","targetHints":{"allow":["GET"]}}],"collection":[{"href":"https:\/\/www.areabesos.com\/diario\/wp-json\/wp\/v2\/posts"}],"about":[{"href":"https:\/\/www.areabesos.com\/diario\/wp-json\/wp\/v2\/types\/post"}],"author":[{"embeddable":true,"href":"https:\/\/www.areabesos.com\/diario\/wp-json\/wp\/v2\/users\/2"}],"replies":[{"embeddable":true,"href":"https:\/\/www.areabesos.com\/diario\/wp-json\/wp\/v2\/comments?post=3089"}],"version-history":[{"count":1,"href":"https:\/\/www.areabesos.com\/diario\/wp-json\/wp\/v2\/posts\/3089\/revisions"}],"predecessor-version":[{"id":3090,"href":"https:\/\/www.areabesos.com\/diario\/wp-json\/wp\/v2\/posts\/3089\/revisions\/3090"}],"wp:featuredmedia":[{"embeddable":true,"href":"https:\/\/www.areabesos.com\/diario\/wp-json\/wp\/v2\/media\/1548"}],"wp:attachment":[{"href":"https:\/\/www.areabesos.com\/diario\/wp-json\/wp\/v2\/media?parent=3089"}],"wp:term":[{"taxonomy":"category","embeddable":true,"href":"https:\/\/www.areabesos.com\/diario\/wp-json\/wp\/v2\/categories?post=3089"},{"taxonomy":"post_tag","embeddable":true,"href":"https:\/\/www.areabesos.com\/diario\/wp-json\/wp\/v2\/tags?post=3089"}],"curies":[{"name":"wp","href":"https:\/\/api.w.org\/{rel}","templated":true}]}}