{"id":3078,"date":"2021-06-22T12:45:19","date_gmt":"2021-06-22T10:45:19","guid":{"rendered":"http:\/\/www.areabesos.com\/diario\/?p=3078"},"modified":"2021-06-22T12:45:23","modified_gmt":"2021-06-22T10:45:23","slug":"la-platja-del-forum-romandra-oberta-per-la-revetlla-de-sant-joan-pero-es-tancara-lacces-als-vehicles","status":"publish","type":"post","link":"https:\/\/www.areabesos.com\/diario\/la-platja-del-forum-romandra-oberta-per-la-revetlla-de-sant-joan-pero-es-tancara-lacces-als-vehicles\/","title":{"rendered":"La platja del F\u00f2rum romandr\u00e0 oberta per la revetlla de Sant Joan per\u00f2 \u00e9s tancar\u00e0 l\u2019acc\u00e9s als vehicles"},"content":{"rendered":"\n<p>L\u2019Ajuntament mantindr\u00e0 oberta la platja del F\u00f2rum (Parc de la Pau) per la revetlla de Sant Joan, per\u00f2 tancar\u00e0 els accessos als vehicles per tal d\u2019evitar aglomeracions.<\/p>\n\n\n\n<p>La platja del Litoral roman tancada des del 29 de juny amb caire preventiu i prioritzant la protecci\u00f3 de la salut de les personesr, i continuar\u00e0 aix\u00ed seguint la recomanaci\u00f3 de l\u2019Ag\u00e8ncia de Residus de Catalunya.<\/p>\n\n\n\n<p>Cal recordar a la poblaci\u00f3 que s&#8217;han de respectar <strong>les recomanacions<\/strong> de les autoritats sanit\u00e0ries per evitar la propagaci\u00f3 de la Covid-19.<\/p>\n\n\n\n<p><a href=\"http:\/\/www.sant-adria.net\/sant-adria-per-temes\/alcaldia\/documents\/recomanacions-proteccio-civil\"><strong>Pautes per a la seguretat de la revetlla de Sant Joan 2021<\/strong><\/a><\/p>\n\n\n\n<p><a href=\"http:\/\/www.sant-adria.net\/sant-adria-per-temes\/alcaldia\/documents\/proteccio-civil-revetlla-1\"><strong>Revetlla segura<\/strong><\/a><\/p>\n\n\n\n<p><\/p>\n","protected":false},"excerpt":{"rendered":"<p>L\u2019Ajuntament mantindr\u00e0 oberta la platja del F\u00f2rum (Parc de la Pau) per la revetlla de Sant Joan, per\u00f2 tancar\u00e0 els accessos als vehicles per tal d\u2019evitar aglomeracions. La platja del Litoral roman tancada des del 29 de juny amb caire preventiu i prioritzant la protecci\u00f3 de la salut de les personesr, i continuar\u00e0 aix\u00ed seguint [&hellip;]<\/p>\n","protected":false},"author":2,"featured_media":3079,"comment_status":"open","ping_status":"open","sticky":false,"template":"","format":"standard","meta":{"footnotes":""},"categories":[134],"tags":[],"class_list":{"0":"post-3078","1":"post","2":"type-post","3":"status-publish","4":"format-standard","5":"has-post-thumbnail","7":"category-actualitat"},"_links":{"self":[{"href":"https:\/\/www.areabesos.com\/diario\/wp-json\/wp\/v2\/posts\/3078","targetHints":{"allow":["GET"]}}],"collection":[{"href":"https:\/\/www.areabesos.com\/diario\/wp-json\/wp\/v2\/posts"}],"about":[{"href":"https:\/\/www.areabesos.com\/diario\/wp-json\/wp\/v2\/types\/post"}],"author":[{"embeddable":true,"href":"https:\/\/www.areabesos.com\/diario\/wp-json\/wp\/v2\/users\/2"}],"replies":[{"embeddable":true,"href":"https:\/\/www.areabesos.com\/diario\/wp-json\/wp\/v2\/comments?post=3078"}],"version-history":[{"count":1,"href":"https:\/\/www.areabesos.com\/diario\/wp-json\/wp\/v2\/posts\/3078\/revisions"}],"predecessor-version":[{"id":3080,"href":"https:\/\/www.areabesos.com\/diario\/wp-json\/wp\/v2\/posts\/3078\/revisions\/3080"}],"wp:featuredmedia":[{"embeddable":true,"href":"https:\/\/www.areabesos.com\/diario\/wp-json\/wp\/v2\/media\/3079"}],"wp:attachment":[{"href":"https:\/\/www.areabesos.com\/diario\/wp-json\/wp\/v2\/media?parent=3078"}],"wp:term":[{"taxonomy":"category","embeddable":true,"href":"https:\/\/www.areabesos.com\/diario\/wp-json\/wp\/v2\/categories?post=3078"},{"taxonomy":"post_tag","embeddable":true,"href":"https:\/\/www.areabesos.com\/diario\/wp-json\/wp\/v2\/tags?post=3078"}],"curies":[{"name":"wp","href":"https:\/\/api.w.org\/{rel}","templated":true}]}}