{"id":3063,"date":"2021-06-16T12:14:59","date_gmt":"2021-06-16T10:14:59","guid":{"rendered":"http:\/\/www.areabesos.com\/diario\/?p=3063"},"modified":"2021-06-16T12:15:01","modified_gmt":"2021-06-16T10:15:01","slug":"formacio-i-treball-crea-440-llocs-de-treball-dinsercio-el-2020","status":"publish","type":"post","link":"https:\/\/www.areabesos.com\/diario\/formacio-i-treball-crea-440-llocs-de-treball-dinsercio-el-2020\/","title":{"rendered":"Formaci\u00f3 i Treball crea 440 llocs de treball d&#8217;inserci\u00f3 el 2020"},"content":{"rendered":"\n<p>La Fundaci\u00f3 Formaci\u00f3 i Treball, promoguda per C\u00e0ritas Diocesana de Barcelona, i que l\u2019any vinent celebrar\u00e0 el seu 30\u00e8 aniversari, es va mantenir un any m\u00e9s com la refer\u00e8ncia pel que fa a la creaci\u00f3 de llocs d\u2019inserci\u00f3 a Espanya, donant feina a 441 persones (nom\u00e9s 7 persones menys que al 2019) a trav\u00e9s d\u2019itineraris sociolaborals per a persones en risc d\u2019exclusi\u00f3 social. Tot i que es va produir el tancament d\u2019empreses durant el confinament i els ERTOS van afectar la tasca d\u2019intermediaci\u00f3, el 42% de les persones que van finalitzar l\u2019itinerari va trobar feina al mercat ordinari (principalment en el sectors de log\u00edstica, neteja i atenci\u00f3 al client).<br>En total, la Fundaci\u00f3 va atendre m\u00e9s de 4.000 persones, la major part dones (57%) i en una tercera part, m\u00e9s grans de 45 anys.<br>Pel que fa a la inserci\u00f3 laboral a empreses externes, 796 persones van aconseguir un lloc de treball i un 28% dels contractes laborals va tenir una durada superior als 12 mesos (nom\u00e9s un 1% menys que al 2019). En l\u2019\u00e0mbit de la formaci\u00f3, 585 persones van participar a diversos programes, i un 27% d\u2019aquestes va realitzar pr\u00e0ctiques laborals malgrat la situaci\u00f3 derivada de la pand\u00e8mia.<br>Un dels reptes m\u00e9s importants al llarg de la pand\u00e8mia va ser l\u2019acompanyament als col.lectius m\u00e9s vulnerables en la gesti\u00f3 de tr\u00e0mits administratius com ERTOS, l\u2019atur, o la renovaci\u00f3 o sol.licitud dels NIE. La Fundaci\u00f3 tamb\u00e9 va acompanyar a 68 persones en el proc\u00e9s de regularitzaci\u00f3 de la seva situaci\u00f3.<br>Durant el 2020 es va posar el focus en millorar les compet\u00e8ncies professionals dels treballadors d\u2019inserci\u00f3, i es van dedicar esfor\u00e7os a l\u2019acompanyament a joves per retornar al sistemes educatius, aconseguint el reconeixement al Registre d&#8217;Entitats, Serveis i Establiments Socials (RESES) com a Centre Socioeducatiu Di\u00fcrn pel desenvolupament del projecte \u201cFormaci\u00f3 en Alternan\u00e7a\u201d, en coordinaci\u00f3 amb la Generalitat de Catalunya. Nom\u00e9s altres 4 centres compten amb aquest reconeixement a Barcelona.<br>Pel que fa als programes d\u2019Acci\u00f3 Social, en destaquen el creixement d\u2019Aprop, la Borsa de Treball Dom\u00e8stic creada l\u2019any 2000 per C\u00e0ritas Barcelona, i que des de 2017 gestiona Formaci\u00f3 i Treball. L\u2019entitat refor\u00e7a la seva missi\u00f3 com instrument per la dignificaci\u00f3 i la professionalitzaci\u00f3 del sector del treball de la llar i les feines de cura, impulsant una nova l\u00ednia d\u2019actuaci\u00f3 sobre cuidadors i cuidadores dirigida a pacients sense suport familiar, per ser atesos en el seu domicili despr\u00e9s d\u2019un trasplantament de medul\u00b7la \u00f2ssia. Aquesta nova via, en col\u00b7laboraci\u00f3 amb l\u2019Hospital Cl\u00ednic de Barcelona, rep el nom de Recuperem vides, evitem l\u2019exclusi\u00f3 social, i compta amb el suport de CaixaBank i del laboratori farmac\u00e8utic Kern Pharma. En xifres, aquest 2020 s&#8217;han at\u00e8s a 102 persones i s\u2019han gestionat 73 ofertes, de les quals un 44% han estat cobertes amb \u00e8xit, inserint a 59 persones en el mercat laboral. S\u00f3n exemples de l\u2019\u00e8xit que comporta el treball en xarxa, i com l\u2019alian\u00e7a entre entitats suposa un impacte transformador i multiplicador sobre les persones ateses. Aquest treball que des de fa anys s\u2019ha cultivat, aix\u00ed com la r\u00e0pida adaptaci\u00f3 per part de la Fundaci\u00f3 per impartir formacions a mida de manera independent -i desenvolupar moltes d\u2019elles online-, van ser factors clau per contribuir a la inserci\u00f3 laboral, i van suposar un salt qualitatiu per a l\u2019entitat en un moment en que s\u2019havien susp\u00e8s algunes activitats formatives i d\u2019inserci\u00f3 presencials.<\/p>\n\n\n\n<div><a href=\"https:\/\/www.areabesos.com\/diario\/wp-content\/uploads\/2021\/06\/fit01.jpg\" class=\"td-modal-image\"><div class=\"wp-block-image\"><figure class=\"aligncenter size-large\"><img loading=\"lazy\" decoding=\"async\" width=\"900\" height=\"675\" src=\"https:\/\/www.areabesos.com\/diario\/wp-content\/uploads\/2021\/06\/fit01.jpg\" alt=\"\" class=\"wp-image-3064\" srcset=\"https:\/\/www.areabesos.com\/diario\/wp-content\/uploads\/2021\/06\/fit01.jpg 900w, https:\/\/www.areabesos.com\/diario\/wp-content\/uploads\/2021\/06\/fit01-300x225.jpg 300w, https:\/\/www.areabesos.com\/diario\/wp-content\/uploads\/2021\/06\/fit01-768x576.jpg 768w, https:\/\/www.areabesos.com\/diario\/wp-content\/uploads\/2021\/06\/fit01-150x113.jpg 150w, https:\/\/www.areabesos.com\/diario\/wp-content\/uploads\/2021\/06\/fit01-696x522.jpg 696w\" sizes=\"auto, (max-width: 900px) 100vw, 900px\" \/><\/figure><\/div><\/a><\/div>\n\n\n\n<p><br><strong>Els Projectes d\u2019Economia Circular i els Programes d\u2019Entrega Social <\/strong><\/p>\n\n\n\n<p>L\u2019entitat treballa activament a partir de models d\u2019economia circular, d\u2019alt impacte social, amb visi\u00f3 mediambiental i sostenibilitat econ\u00f2mica. En destaquen la divisi\u00f3 t\u00e8xtil i la divisi\u00f3<br>aliment\u00e0ria, que durant el 2020 han donat feina a m\u00e9s de 311 persones en situaci\u00f3 de vulnerabilitat.<br>Els programes d\u2019entrega social d\u2019aliments i roba van mostrar un creixement molt important respecte a l\u2019any anterior, per sobre del 35%, amb 9192 fam\u00edlies ateses. La situaci\u00f3 va ser de clara emerg\u00e8ncia social. El cas dels lliuraments d\u2019aliments \u00e9s el m\u00e9s significatiu, amb un 97% m\u00e9s d\u2019\u00e0pats elaborats i un 40% m\u00e9s de lliurament de productes frescos sense cuinar. \u00c9s una de<br>les \u00e0rees que va mostrar m\u00e9s gran capacitat d\u2019adaptaci\u00f3, com la de l\u2019obertura d\u2019un nou servei de paqueteria verda al Camp de Tarragona i l\u2019inici d\u2019activitats de desbrossament i poda a Barcelona. Molts d\u2019aquests serveis (de neteja i desinfecci\u00f3, de bugaderia, de recollida de roba usada, de voluminosos, etc.) van ser declarats \u201cserveis essencials\u201d.<br>Pel que fa el lliurament de roba, aquest va quedar susp\u00e8s durant m\u00e9s de dos mesos, i limitat despr\u00e9s. La l\u00ednia t\u00e8xtil es canalitza mitjan\u00e7ant m\u00e9s de 1.190 contenidors vinculats als projectes de C\u00e0ritas i de Roba Amiga ubicats a m\u00e9s de 240 municipis de Catalunya, i vehicula l\u2019entrega a trav\u00e9s de Botiga Amiga, les botigues pr\u00f2pies de l\u2019entitat. En aquest sentit, tot i la pand\u00e8mia,<br>en el darrer any l\u2019entitat va gestionar 16.000.000 kg de roba i complements (6.000.000 kg recollits directament i 10.000.000 kg recollits a partir de les C\u00e0ritas de tota Espanya); gaireb\u00e9 la mateixa quantitat de roba recollida que en anys anteriors. Pel que fa l\u2019impacte mediambiental, aquesta producci\u00f3 responsable, dins el marc dels ODS de l\u2019Agenda 2030, ha implicat un estalvi d\u2019emissions de CO2 de m\u00e9s de 59.000 tones. <br>Tamb\u00e9 es va engegar un nou dispositiu d\u2019emerg\u00e8ncia en col\u00b7laboraci\u00f3 amb l\u2019Ajuntament de Barcelona pel repartiment d\u2019\u00e0pats (200 al dia) i de roba neta, i l\u2019establiment d\u2019un servei de dutxes durant l\u2019estat d\u2019alarma. Aix\u00ed mateix, es va donar una \u00e0gil resposta a les noves necessitats sorgides en el col\u00b7lectiu del personal d\u2019inserci\u00f3. Tot plegat, es va produir un augment del 40% en el treball en xarxa amb altres entitats del Tercer Sector, en especial, pel que fa als programes d\u2019acompanyament de les persones.<br><\/p>\n\n\n\n<div><a href=\"https:\/\/www.areabesos.com\/diario\/wp-content\/uploads\/2021\/06\/fit02.jpg\" class=\"td-modal-image\"><div class=\"wp-block-image\"><figure class=\"aligncenter size-large\"><img loading=\"lazy\" decoding=\"async\" width=\"900\" height=\"600\" src=\"https:\/\/www.areabesos.com\/diario\/wp-content\/uploads\/2021\/06\/fit02.jpg\" alt=\"\" class=\"wp-image-3065\" srcset=\"https:\/\/www.areabesos.com\/diario\/wp-content\/uploads\/2021\/06\/fit02.jpg 900w, https:\/\/www.areabesos.com\/diario\/wp-content\/uploads\/2021\/06\/fit02-300x200.jpg 300w, https:\/\/www.areabesos.com\/diario\/wp-content\/uploads\/2021\/06\/fit02-768x512.jpg 768w, https:\/\/www.areabesos.com\/diario\/wp-content\/uploads\/2021\/06\/fit02-150x100.jpg 150w, https:\/\/www.areabesos.com\/diario\/wp-content\/uploads\/2021\/06\/fit02-696x464.jpg 696w\" sizes=\"auto, (max-width: 900px) 100vw, 900px\" \/><\/figure><\/div><\/a><\/div>\n\n\n\n<p><strong>La Fundaci\u00f3 durant l\u2019any de la pand\u00e8mia<\/strong><br>Pel que fa a la pr\u00f2pia estructura de la Fundaci\u00f3, el nombre de personal s\u2019ha mantingut estable: 549 persones el 2019, i 546 el 2020. D\u2019aquestes, 223 places s\u00f3n el cor de l\u2019entitat al ser places dirigides a persones amb contractes d\u2019inserci\u00f3 laboral (per les que van passar 441 persones), i 77 places s\u00f3n persones volunt\u00e0ries; a m\u00e9s, hi han 246 persones que en formen part de l\u2019equip d\u2019estructura. Tot aquest equip es reparteix entre les seus que es troben a la prov\u00edncia de Barcelona, a Sant Adri\u00e0 del Bes\u00f2s (on es troba la seu principal), Cornell\u00e0 de Llobregat, Sant Esteve Sesrovires, i a Vilanova i la Geltr\u00fa; i a la prov\u00edncia de Tarragona, a Vilaseca, a Constant\u00ed i a Valls.<br>Amb uns ingressos de 18M\u20ac -2M\u20ac menys que l\u2019exercici anterior-, la Fundaci\u00f3 ha aconseguit mantenir el valor social generat per sobre dels 31M\u20ac l\u2019any, consolidant el creixement d\u2019un 33% que es va produir el 2019. Tot i aix\u00f2, es va haver de sol.licitar una l\u00ednia de finan\u00e7ament per valor de 2,5M\u20ac per cobrir el descens en ingressos. L\u2019entitat tamb\u00e9 va necessitar tramitar un ERTO pel 30% de la plantilla, que va finalitzar al mes de setembre. Per\u00f2 es preveu una recuperaci\u00f3 de la facturaci\u00f3, i plena activitat de determinades l\u00ednies, durant el 2021.<br>La pand\u00e8mia ha canviat la relaci\u00f3 entre empreses i Tercer Sector: tant en l\u2019\u00e0mbit de les donacions com en el de la intermediaci\u00f3 laboral. S\u2019ha passat de fer aportacions del que es podia prescindir a una ferma voluntat d\u2019implicaci\u00f3 per part de les empreses. Aquesta voluntat, ha sigut espectacular. Cal una aposta en ferm per part d\u2019entitats, administracions p\u00fabliques, empreses i ciutadania per contribuir a la reconstrucci\u00f3 social. El consum amb consci\u00e8ncia social ser\u00e0\u0300 una pr\u00e0ctica cada cop m\u00e9s recorrent. Cal posar-se en la pell de l\u2019altre, tots podr\u00edem haver estat la persona que necessita ajuda. Aquesta cooperaci\u00f3 entre l&#8217;empresa i la Fundaci\u00f3 ha ajudat en la recerca de noves estrat\u00e8gies per afavorir la inserci\u00f3 de les participants, aix\u00ed com aproximar-les al mercat laboral a trav\u00e9s de formacions professionalitzadores. <br>El futur: la tecnificaci\u00f3 i la digitalitzaci\u00f3 dels programes sota una nova codirecci\u00f3 L\u2019entitat inicia l\u2019any amb una nova codirecci\u00f3 de la m\u00e0 d\u2019en Xavier Puig i la Marina Arnau, tots dos coneixedors tant de la pr\u00f2pia organitzaci\u00f3 com del sector, i centrar\u00e0 la seva activitat<br>en la tecnificaci\u00f3 i la digitalitzaci\u00f3 dels seus programes.<br>Entre ells, destaca l\u2019adopci\u00f3 de la tecnologia d&#8217;\u00faltima generaci\u00f3 Fibersort, projecte pioner a Catalunya per a la identificaci\u00f3 precisa de la composici\u00f3 de les fibres de la roba que es desenvolupar\u00e0 a la planta de tractament t\u00e8xtil de Sant Esteve Sesrovires, la m\u00e9s gran del sud d\u2019Europa. Aquesta tecnologia est\u00e0 basada en l\u2019espectrosc\u00f2pia de l&#8217;infraroig proper (NIR Spectroscopy) la qual permet la identificaci\u00f3 precisa de la composici\u00f3 de les fibres de la roba per aix\u00ed augmentar el grau de valoritzaci\u00f3 de la fracci\u00f3 reciclable mitjan\u00e7ant la ulterior fabricaci\u00f3 de noves fibres.<br>En la divisi\u00f3 d\u2019alimentaci\u00f3, rep especial atenci\u00f3 la reobertura de D\u2019ins, l\u2019escola-restaurant ubicada a la seu de la Fundaci\u00f3. Despr\u00e9s d\u2019un any que tan durament ha colpejat el m\u00f3n de la restauraci\u00f3, l\u2019aposta que fa Formaci\u00f3 i Treball \u00e9s el creixement. A m\u00e9s d\u2019incrementar el volum d\u2019activitat en la l\u00ednia de col\u00b7lectivitats, s\u2019ha aprofitat aquest per\u00edode d\u2019aturada de servei per actualitzar les instal\u00b7lacions del centre. En el seu conjunt, actualment D\u2019ins compta amb m\u00e9s de 800 m2 dedicats en exclusiva a l\u2019activitat gastron\u00f2mica.<br>La Fundaci\u00f3 tamb\u00e9 creixer\u00e0 territorialment, ampliant el seu \u00e0mbit d\u2019influ\u00e8ncia al Maresme des de la nova delegaci\u00f3 que s\u2019obrir\u00e0 a Badalona, com a resultat de l\u2019alian\u00e7a amb la Fundaci\u00f3 Llegat Roca i Pi.<br>Encarem el cam\u00ed de sortida de la pand\u00e8mia amb una situaci\u00f3 de crisi sist\u00e8mica encara m\u00e9s accentuada. Un crisi social i econ\u00f2mica que precipita als m\u00e9s desafavorits cap a una desigualtat cr\u00f2nica. \u00c9s urgent abordar aquestes situacions de manera conjunta. Tant<br>Empreses, Administracions P\u00fabliques, com Entitats del Tercer Sector han d\u2019actuar amb interrelacions per buscar solucions conjuntes, d\u2019\u00e0mbit comunitari. <br>En aquest context, les Empreses d\u2019Inserci\u00f3 sociolaboral es situen com una eina cabdal per millorar la situaci\u00f3 d\u2019aquelles persones que no tenen oportunitats, que han patit adversitats. Cal posar-nos en la seva pell, ja que podr\u00edem o podrem ser qualsevol de nosaltres.<\/p>\n","protected":false},"excerpt":{"rendered":"<p>La Fundaci\u00f3 Formaci\u00f3 i Treball, promoguda per C\u00e0ritas Diocesana de Barcelona, i que l\u2019any vinent celebrar\u00e0 el seu 30\u00e8 aniversari, es va mantenir un any m\u00e9s com la refer\u00e8ncia pel que fa a la creaci\u00f3 de llocs d\u2019inserci\u00f3 a Espanya, donant feina a 441 persones (nom\u00e9s 7 persones menys que al 2019) a trav\u00e9s d\u2019itineraris [&hellip;]<\/p>\n","protected":false},"author":2,"featured_media":3066,"comment_status":"open","ping_status":"open","sticky":false,"template":"","format":"standard","meta":{"footnotes":""},"categories":[134,135],"tags":[],"class_list":{"0":"post-3063","1":"post","2":"type-post","3":"status-publish","4":"format-standard","5":"has-post-thumbnail","7":"category-actualitat","8":"category-societat"},"_links":{"self":[{"href":"https:\/\/www.areabesos.com\/diario\/wp-json\/wp\/v2\/posts\/3063","targetHints":{"allow":["GET"]}}],"collection":[{"href":"https:\/\/www.areabesos.com\/diario\/wp-json\/wp\/v2\/posts"}],"about":[{"href":"https:\/\/www.areabesos.com\/diario\/wp-json\/wp\/v2\/types\/post"}],"author":[{"embeddable":true,"href":"https:\/\/www.areabesos.com\/diario\/wp-json\/wp\/v2\/users\/2"}],"replies":[{"embeddable":true,"href":"https:\/\/www.areabesos.com\/diario\/wp-json\/wp\/v2\/comments?post=3063"}],"version-history":[{"count":1,"href":"https:\/\/www.areabesos.com\/diario\/wp-json\/wp\/v2\/posts\/3063\/revisions"}],"predecessor-version":[{"id":3067,"href":"https:\/\/www.areabesos.com\/diario\/wp-json\/wp\/v2\/posts\/3063\/revisions\/3067"}],"wp:featuredmedia":[{"embeddable":true,"href":"https:\/\/www.areabesos.com\/diario\/wp-json\/wp\/v2\/media\/3066"}],"wp:attachment":[{"href":"https:\/\/www.areabesos.com\/diario\/wp-json\/wp\/v2\/media?parent=3063"}],"wp:term":[{"taxonomy":"category","embeddable":true,"href":"https:\/\/www.areabesos.com\/diario\/wp-json\/wp\/v2\/categories?post=3063"},{"taxonomy":"post_tag","embeddable":true,"href":"https:\/\/www.areabesos.com\/diario\/wp-json\/wp\/v2\/tags?post=3063"}],"curies":[{"name":"wp","href":"https:\/\/api.w.org\/{rel}","templated":true}]}}