{"id":3060,"date":"2021-06-16T11:54:53","date_gmt":"2021-06-16T09:54:53","guid":{"rendered":"http:\/\/www.areabesos.com\/diario\/?p=3060"},"modified":"2021-06-16T11:54:55","modified_gmt":"2021-06-16T09:54:55","slug":"30-segundos-de-biden-y-sanchez-que-llenan-mil-debates","status":"publish","type":"post","link":"https:\/\/www.areabesos.com\/diario\/30-segundos-de-biden-y-sanchez-que-llenan-mil-debates\/","title":{"rendered":"30 segundos de Biden y S\u00e1nchez que llenan mil debates"},"content":{"rendered":"\n<p>Es tarde de martes, 15 de junio, y me ha tocado debate en el informativo de Canal 4 TV, la cadena privada de Illes Balears.<\/p>\n\n\n\n<p>Como si Espa\u00f1a hubiera perdido Cuba ayer, es decir, el lunes 14 de junio de 2021, y tambi\u00e9n con los Estados Unidos compartiendo escenario, hemos tenido que hablar de lo mismo que hubi\u00e9ramos hablado en 1898.<\/p>\n\n\n\n<p>\u00bfDebemos sentirnos orgullosos o, por el contrario, reflexionar sobre nuestra irrelevancia como pa\u00eds? nos pregunta Biel Ramis, el director del programa.<\/p>\n\n\n\n<p>El \u201cculpable para todo\u201d se llama Pedro S\u00e1nchez y su delito, esta vez, esa cumbre entre caminantes de menos de un minuto de duraci\u00f3n que ha mantenido con Joe Biden.<\/p>\n\n\n\n<p>Que levante la mano quien no haya visto todav\u00eda ese paseo de dos altos mandatarios. Nunca hab\u00edan trabajado tanto los expertos en comunicaci\u00f3n no verbal de seres humanos ocultos bajo las a\u00fan obligatorias mascarillas.<\/p>\n\n\n\n<p>Si lo desea con sonido, puede ver el debate de Canal 4 TV en este YouTube: <a href=\"https:\/\/www.youtube.com\/watch?v=FBZ5-zNNAG8\">https:\/\/www.youtube.com\/watch?v=FBZ5-zNNAG8<\/a><\/p>\n\n\n\n<p>Pero vayamos por partes.<\/p>\n\n\n\n<p>La manera de ser de Pedro S\u00e1nchez es la inevitable para presidentes de periodos de transici\u00f3n pol\u00edtica, en los que la inestabilidad es el pan de cada d\u00eda. Adem\u00e1s, este hombre parece estar tocado por esa especia de suerte con la que consigue, en los retos en los que se implica personalmente, que sus adversarios se confundan, tanto si se llaman Susana D\u00edaz como si se trata del binomio Ayuso-Casado, esas personas con las que algunos barones del PP ya no quieren coincidir por las calles de Madrid, como si fueran ex parejas de las que la presidenta triunfadora en mayo habl\u00f3 con Carlos Alsina, de Onda Cero, durante la \u00faltima campa\u00f1a electoral.<\/p>\n\n\n\n<p>Si, es probable que ya sean m\u00e1s \u201cex\u201d que \u201cin\u201d.<\/p>\n\n\n\n<p>Si a Casado le interrogara hoy una m\u00e1quina de la verdad descubrir\u00eda que D\u00edaz Ayuso le quita el sue\u00f1o, y que maldita la hora en la que \u00e9l mismo contribuy\u00f3 para que a esa mujer se le subiera tanto a la cabeza el \u00e9xito en las urnas. Menos mal que solo quedan dos a\u00f1os, debe estar pensando el, aunque \u00bfcu\u00e1ntos le quedan a \u00e9l?<\/p>\n\n\n\n<p>Volviendo a nuestra pareja de protagonistas, mantengo que Joe Biden no quer\u00eda coincidir de ninguna manera con Pedro S\u00e1nchez. El motivo principal no puede ser otro que el marr\u00f3n, pr\u00e1cticamente imposible de borrar, que hered\u00f3 de Donald Trump con lo de que el S\u00e1hara Occidental pertenece a Marruecos. Si a\u00f1adimos que una oportunidad como esta no la pod\u00eda dejar pasar el rey marroqu\u00ed, que al mismo tiempo es el mejor aliado de USA en el mundo \u00e1rabe con lo de Israel, pues casi debemos extra\u00f1arnos de que haya tardado tanto tiempo en montarle a Espa\u00f1a el l\u00edo de Ceuta.<\/p>\n\n\n\n<p>Y, por si no quedaba claro que Marruecos quer\u00eda ara\u00f1ar en donde m\u00e1s le pod\u00eda doler a Espa\u00f1a, tiempo le ha faltado a su embajador para recordar que, con lo de los independentistas catalanes, ellos fueron m\u00e1s leales con Espa\u00f1a de lo que Espa\u00f1a lo est\u00e1 siendo ahora con ellos, y es en este momento cuando nos viene a la cabeza un tal Borrell diciendo \u201cNavalni\u201d en presencia de un ruso y, l\u00f3gicamente, el ruso contestando \u201cPuigdemont\u201d.<\/p>\n\n\n\n<p>Conseguir ser alguien respetable en el concierto mundial cuesta mucho tiempo, pero puedes volver a ser nadie despu\u00e9s de cuatro telediarios.<\/p>\n\n\n\n<p>Trat\u00e1ndose de pol\u00edtica y de econom\u00eda, si no puedes ocultar una inestabilidad tal que incluso est\u00e1 cuestionando el dibujo de tu propio mapa y, al mismo tiempo, presentas un endeudamiento que te obliga a pedir muchas m\u00e1s ayudas a fondo perdido y a cr\u00e9dito que la mayor\u00eda de tus iguales, es evidente que, te llames Rodr\u00edguez, S\u00e1nchez, Aznar, Rajoy o Gonz\u00e1lez, el escenario internacional no te ser\u00e1 nunca propicio para presumir de relevancia.<\/p>\n\n\n\n<p>Se equivocan Casado y los suyos si creen que estos supuestos fracasos de S\u00e1nchez en el teatro mundial les pueden servir para tapar desde sus corrupciones, ya en los juzgados, que no paran de alimentar las portadas, hasta unas meteduras de pata que no se detienen ni ante el rey.<\/p>\n\n\n\n<p>No es extra\u00f1o que los republicanos espa\u00f1oles hayan decidido esperar a que la monarqu\u00eda se pudra por s\u00ed misma como estrategia tranquila para alcanzar la tercera rep\u00fablica.<\/p>\n\n\n\n<p>Pero la degradaci\u00f3n en los \u00e1mbitos europeo y mundial seguir\u00e1 llevando a Espa\u00f1a hacia la irrelevancia total mientras el Gobierno no convoque a la mayor\u00eda parlamentaria que le concedi\u00f3 la investidura y decida asumir el liderazgo de una reforma de la Constituci\u00f3n que, en realidad, deber\u00e1 entusiasmar tanto como un proceso constituyente.<\/p>\n\n\n\n<p>Todo el mundo sabe lo que esto significa, y es por esto mismo por lo que ni siquiera Pedro S\u00e1nchez se atreve.<\/p>\n\n\n\n<p><span style=\"background-color:#010a0e\" class=\"td_text_highlight_marker\">Domingo Sanz<\/span><\/p>\n","protected":false},"excerpt":{"rendered":"<p>Es tarde de martes, 15 de junio, y me ha tocado debate en el informativo de Canal 4 TV, la cadena privada de Illes Balears. Como si Espa\u00f1a hubiera perdido Cuba ayer, es decir, el lunes 14 de junio de 2021, y tambi\u00e9n con los Estados Unidos compartiendo escenario, hemos tenido que hablar de lo [&hellip;]<\/p>\n","protected":false},"author":2,"featured_media":3061,"comment_status":"open","ping_status":"open","sticky":false,"template":"","format":"standard","meta":{"footnotes":""},"categories":[139],"tags":[],"class_list":{"0":"post-3060","1":"post","2":"type-post","3":"status-publish","4":"format-standard","5":"has-post-thumbnail","7":"category-opinio"},"_links":{"self":[{"href":"https:\/\/www.areabesos.com\/diario\/wp-json\/wp\/v2\/posts\/3060","targetHints":{"allow":["GET"]}}],"collection":[{"href":"https:\/\/www.areabesos.com\/diario\/wp-json\/wp\/v2\/posts"}],"about":[{"href":"https:\/\/www.areabesos.com\/diario\/wp-json\/wp\/v2\/types\/post"}],"author":[{"embeddable":true,"href":"https:\/\/www.areabesos.com\/diario\/wp-json\/wp\/v2\/users\/2"}],"replies":[{"embeddable":true,"href":"https:\/\/www.areabesos.com\/diario\/wp-json\/wp\/v2\/comments?post=3060"}],"version-history":[{"count":1,"href":"https:\/\/www.areabesos.com\/diario\/wp-json\/wp\/v2\/posts\/3060\/revisions"}],"predecessor-version":[{"id":3062,"href":"https:\/\/www.areabesos.com\/diario\/wp-json\/wp\/v2\/posts\/3060\/revisions\/3062"}],"wp:featuredmedia":[{"embeddable":true,"href":"https:\/\/www.areabesos.com\/diario\/wp-json\/wp\/v2\/media\/3061"}],"wp:attachment":[{"href":"https:\/\/www.areabesos.com\/diario\/wp-json\/wp\/v2\/media?parent=3060"}],"wp:term":[{"taxonomy":"category","embeddable":true,"href":"https:\/\/www.areabesos.com\/diario\/wp-json\/wp\/v2\/categories?post=3060"},{"taxonomy":"post_tag","embeddable":true,"href":"https:\/\/www.areabesos.com\/diario\/wp-json\/wp\/v2\/tags?post=3060"}],"curies":[{"name":"wp","href":"https:\/\/api.w.org\/{rel}","templated":true}]}}