{"id":3054,"date":"2021-06-15T10:17:50","date_gmt":"2021-06-15T08:17:50","guid":{"rendered":"http:\/\/www.areabesos.com\/diario\/?p=3054"},"modified":"2021-06-15T10:17:53","modified_gmt":"2021-06-15T08:17:53","slug":"el-olvido-que-seremos","status":"publish","type":"post","link":"https:\/\/www.areabesos.com\/diario\/el-olvido-que-seremos\/","title":{"rendered":"El olvido que seremos"},"content":{"rendered":"\n<p>A mi amigo H\u00e9ctor Abad Faciolince<\/p>\n\n\n\n<p>Querido \u2018Pa\u2019,<\/p>\n\n\n\n<p>He ido a ver la pel\u00edcula de Trueba, basada en tu \u00f3pera prima (nominada y galardonada). En tu tierra se va a pasar en las pantallas este junio; eso dicen. S\u00e9 que ir\u00e1 a verla la amiga de la que te habl\u00e9, Margarita, una experta en la literatura m\u00e1gica de Gabo; ella se doctor\u00f3 en ese empe\u00f1o.&nbsp; S\u00e9 que a ambos os un\u00eda, m\u00e1s que la ideolog\u00eda, el af\u00e1n de escribir bien; y de eso no cabe ninguna duda.<\/p>\n\n\n\n<p>All\u00ed en el cine, algunos revivimos de nuevo los pasados turbios. Sorb\u00edamos esa ag\u00fcilla que se cae de las narices cuando no es posible sonarse a tiempo, porque unas l\u00e1grimas impertinentes interrogan nuestra comodidad.&nbsp; \u00a1Cu\u00e1ntos mensajes recibidos!&nbsp; A quienes est\u00e1bamos ah\u00ed nos un\u00eda una colecci\u00f3n de nostalgias, modelos inspiradores de esa relaci\u00f3n tan cercana, la primera influencia masculina \u00edntima en nuestras vidas, una compleja relaci\u00f3n sentimental con nuestros pap\u00e1s, que nos lleva a los recovecos de una huella que muestra los sentimientos m\u00e1s escondidos: infancias dulces, de cari\u00f1o, de miedo, de ausencia o desgarro.&nbsp; Pienso en mi hijo con el que me une un gran respeto y en mi hija con quien compartimos eterna ternura.<\/p>\n\n\n\n<p>He visto el documental de tu hija Daniela \u201cCarta a una sombra\u201d&nbsp; (tal vez elaborado en la universidad de Terrassa, en mi tierra), una dura reflexi\u00f3n sobre el infierno de la violencia enquistada en nuestras sociedades y el homenaje a un hombre bueno: la nobleza esencial del protagonista avisando contra la ira y la desesperaci\u00f3n; el abuelo que va anunciando, en esa marcha del silencio, su tr\u00e1gico destino. La bondad, la belleza del doctor que vivi\u00f3 para ayudar y ser inolvidable, deja una cicatriz desgranada en el recordatorio donde hace su trabajo la arqueolog\u00eda,&nbsp; poniendo capas (ahora no puedo dejar de pensar en mi padre que muri\u00f3 por esta maldita pandemia hace unos meses). De todas las historias de la historia, la m\u00e1s terrible ocurre cuando los grupos se confabulan contra el l\u00edder m\u00e1s pac\u00edfico (\u00bfJes\u00fas?), se lo quitan del medio y acaban con \u00e9l. Escrito est\u00e1, el fil\u00f3sofo Isaiah Berlin lo comentaba: hay gente que merece ser celebrada por dignificar la pol\u00edtica, la prioridad es mejorar la vida y cuando esto se olvida, llegan los discursos inhumanos, la crueldad del fin que justifica los medios, esa frontera donde desaparece el h\u00e9roe y el malvado con sus muros atroces.<\/p>\n\n\n\n<p>Por simpat\u00eda record\u00e9 mi estancia en Medell\u00edn donde pas\u00e9 un tiempo en un refugio de hijas hu\u00e9rfanas de padres de la guerrilla, todas las tardes me esperaban 20 ni\u00f1as para cantar esa juguetona melod\u00eda de Olga Manzano: <em>Caraballo mat\u00f3 un gallo<\/em>. Jam\u00e1s habl\u00e1bamos de sus rabias, pero yo las ol\u00eda, estaban ah\u00ed saltando en el aire, sobre todo entre las m\u00e1s mayores; all\u00e1 no hab\u00eda tiempo de descubrir al padre amante que derrocha afecto. Tambi\u00e9n estuve en un colegio que custodiada el ej\u00e9rcito en una Villa de casas de lata; me preguntaba c\u00f3mo asumir\u00edan esa imagen los ni\u00f1os y ni\u00f1as al entrar al liceo cada d\u00eda: las <em>bancrim<\/em> acabaron con un grupo de muchachos &nbsp;mediadores con los que comenc\u00e9 a trabajar (un recuerdo para su directora, al equipo docente, al alumnado, las mam\u00e1s y pap\u00e1s, la asociaci\u00f3n del vecindario\u2026).&nbsp; Lo importante es &nbsp;el &nbsp;momento en que todo se transforma en comprensi\u00f3n. Es necesario. Viendo&nbsp; la realidad desnuda, esa que revela misterios y verdades, llegamos a la madurez cuando perdonamos historias y saldamos cuentas. Para resistir, pues crecemos entre relatos equivocados, como comenta William Ospina, hay que repasar las leyendas familiares y tomar buena nota de los gestos de paz.<\/p>\n\n\n\n<p>Las caricias van y vienen, algunas se han borrado. La memoria es caprichosa, tanto como cada una de sus sombras. Furiosa, la m\u00e1s vieja de las alianzas, la relaci\u00f3n de padres e hijos: la decepci\u00f3n, la rabia, la tristeza, la reconciliaci\u00f3n. S\u00f3lo nos queda rememorar, pues el olvido permanece en la memoria para no abandonarla, y as\u00ed debe ser.<\/p>\n\n\n\n<p>Evocar es la base de todo, sin eso no existen ni la inteligencia ni el progreso. Dijo Borges que la cultura es lo que queda despu\u00e9s que todo desaparece. El arte, ese simulacro del recuerdo, es la pr\u00f3tesis que nos mantiene bajo el indiferente azul del cielo, en el que todos somos el olvido que seremos.<\/p>\n\n\n\n<p><span style=\"background-color:#010b10\" class=\"td_text_highlight_marker\">Francesc Reina<\/span><\/p>\n","protected":false},"excerpt":{"rendered":"<p>A mi amigo H\u00e9ctor Abad Faciolince Querido \u2018Pa\u2019, He ido a ver la pel\u00edcula de Trueba, basada en tu \u00f3pera prima (nominada y galardonada). En tu tierra se va a pasar en las pantallas este junio; eso dicen. S\u00e9 que ir\u00e1 a verla la amiga de la que te habl\u00e9, Margarita, una experta en la [&hellip;]<\/p>\n","protected":false},"author":2,"featured_media":1515,"comment_status":"open","ping_status":"open","sticky":false,"template":"","format":"standard","meta":{"footnotes":""},"categories":[139],"tags":[],"class_list":{"0":"post-3054","1":"post","2":"type-post","3":"status-publish","4":"format-standard","5":"has-post-thumbnail","7":"category-opinio"},"_links":{"self":[{"href":"https:\/\/www.areabesos.com\/diario\/wp-json\/wp\/v2\/posts\/3054","targetHints":{"allow":["GET"]}}],"collection":[{"href":"https:\/\/www.areabesos.com\/diario\/wp-json\/wp\/v2\/posts"}],"about":[{"href":"https:\/\/www.areabesos.com\/diario\/wp-json\/wp\/v2\/types\/post"}],"author":[{"embeddable":true,"href":"https:\/\/www.areabesos.com\/diario\/wp-json\/wp\/v2\/users\/2"}],"replies":[{"embeddable":true,"href":"https:\/\/www.areabesos.com\/diario\/wp-json\/wp\/v2\/comments?post=3054"}],"version-history":[{"count":1,"href":"https:\/\/www.areabesos.com\/diario\/wp-json\/wp\/v2\/posts\/3054\/revisions"}],"predecessor-version":[{"id":3055,"href":"https:\/\/www.areabesos.com\/diario\/wp-json\/wp\/v2\/posts\/3054\/revisions\/3055"}],"wp:featuredmedia":[{"embeddable":true,"href":"https:\/\/www.areabesos.com\/diario\/wp-json\/wp\/v2\/media\/1515"}],"wp:attachment":[{"href":"https:\/\/www.areabesos.com\/diario\/wp-json\/wp\/v2\/media?parent=3054"}],"wp:term":[{"taxonomy":"category","embeddable":true,"href":"https:\/\/www.areabesos.com\/diario\/wp-json\/wp\/v2\/categories?post=3054"},{"taxonomy":"post_tag","embeddable":true,"href":"https:\/\/www.areabesos.com\/diario\/wp-json\/wp\/v2\/tags?post=3054"}],"curies":[{"name":"wp","href":"https:\/\/api.w.org\/{rel}","templated":true}]}}