{"id":3052,"date":"2021-06-14T10:38:02","date_gmt":"2021-06-14T08:38:02","guid":{"rendered":"http:\/\/www.areabesos.com\/diario\/?p=3052"},"modified":"2021-06-14T10:38:05","modified_gmt":"2021-06-14T08:38:05","slug":"ha-traicionado-ayuso-al-rey-en-colon-2021","status":"publish","type":"post","link":"https:\/\/www.areabesos.com\/diario\/ha-traicionado-ayuso-al-rey-en-colon-2021\/","title":{"rendered":"\u00bfHa traicionado Ayuso al rey en Col\u00f3n 2021?"},"content":{"rendered":"\n<p>Una cierta forma de \u201ctraici\u00f3n\u201d se materializa cuando una persona deja a otra, por decirlo de manera vulgar, \u201ccon el culo al aire\u201d, o en una situaci\u00f3n de compromiso imposible de atender, de tal manera que la traicionada, haga lo que haga, no podr\u00e1 recuperar la imagen anterior y que constitu\u00eda su valor principal. En este caso, la consensuada en todo el mundo sobre lo que puede y no puede hacer el rey de una monarqu\u00eda parlamentaria.<\/p>\n\n\n\n<p>Tambi\u00e9n es cierto que fue el propio Felipe VI quien alter\u00f3 de manera irreversible su propia funci\u00f3n en el Reino que representa, pues el 3 de octubre de 2017 tom\u00f3 partido por una parte de los catalanes, los que quieren que Catalunya siga formando parte de Espa\u00f1a, frente al resto que, por cierto, eran los que gobernaban tras ganar en las urnas.<\/p>\n\n\n\n<p>Como usted probablemente sabe, las palabras exactas de la presidenta de la Comunidad de Madrid, Isabel D\u00edaz Ayuso, en la concentraci\u00f3n celebrada en Col\u00f3n ayer, 13 de junio, fueron las siguientes: \u00ab\u00bfQu\u00e9 va a hacer el rey? \u00bfVa a firmar esos indultos? \u00bfLe van a convertir en c\u00f3mplice?\u00bb.<\/p>\n\n\n\n<p>Los tres interrogantes, consecutivos e inseparables, dictan sentencia previa y pol\u00edticamente culpable contra una acto obligado, futuro e inviolable del propio Felipe VI, pues nadie se convierte en c\u00f3mplice si no quiere, y menos cuando te han retado ante todo el mundo y de manera tan manifiesta.<\/p>\n\n\n\n<p>Sobre este hecho, pol\u00edticamente el m\u00e1s relevante de \u201cCol\u00f3n 2021\u201d una vez confirmados los previstos fracasos en el n\u00famero de asistentes, la mitad que en \u201cCol\u00f3n 2019\u201d, y las relevantes ausencias de los barones no madrile\u00f1os del PP y lo que significa que los franquistas de Vox hayan conseguido el mayor protagonismo, cosa que era inevitable y demuestra la poca inteligencia de los dirigentes del espa\u00f1olismo \u201cnormal\u201d, doce horas despu\u00e9s las portadas de los digitales de referencia se segu\u00edan haciendo eco.<\/p>\n\n\n\n<p>\u201cAyuso se\u00f1ala a Felipe VI\u201d (El Diario), \u201cAyuso interpela a Felipe VI sobre los indultos\u201d (El Pa\u00eds), \u201cAcusa al gobierno de hacer c\u00f3mplice al rey con los indultos\u201d (El Mundo), \u201cIsabel D\u00edaz Ayuso \u2018\u00bfQu\u00e9 va a hacer el Rey a partir de ahora? \u00bfVa a firmar los indultos?\u2019\u201d (El Espa\u00f1ol), o \u201cAyuso acusa a S\u00e1nchez de tratar de hacer al Rey \u2018c\u00f3mplice\u2019 de los indultos\u201d (OK Diario).<\/p>\n\n\n\n<p>Por su parte, en los titulares de El Confidencial, ABC y La Raz\u00f3n no se hace referencia a la frase de D\u00edaz Ayuso, lo cual es prueba de la situaci\u00f3n tan complicada en que Ayuso ha colocado a los m\u00e1s mon\u00e1rquicos de todos los que informan y opinan a diario.<\/p>\n\n\n\n<p>He le\u00eddo tambi\u00e9n que uno de los concentrados exhib\u00eda una pancarta pidiendo al rey que no firmara los indultos y, conociendo las simplezas que nos ha regalado la presidenta de Madrid durante su todav\u00eda escasa trayectoria en pol\u00edtica de primer nivel, cabe la posibilidad de que la viera, la leyera en un instante y, sin pararse a pensar, le pareciera una idea excelente para cambiar la historia de Espa\u00f1a con dos preguntas para las que millones, debe pensar, est\u00e1n esperando respuesta gracias a su \u201cvalent\u00eda\u201d.<\/p>\n\n\n\n<p>En ese caso, D\u00edaz Ayuso habr\u00eda actuado de manera tambi\u00e9n irreflexiva, similar a como lo hizo otro personaje, tan simple o m\u00e1s que ella, cuando siendo 3 de junio y en Ceuta dijo aquello de \u201copino como ese caballero\u201d para negarse a contestar a preguntas de la prensa sobre Cospedal, que acababa de ser imputada en la \u201cOperaci\u00f3n Kitchen\u201d. S\u00ed, era Pablo Casado y el \u201ccaballero\u201d gente del PP local. De mala manera intent\u00f3 Montesinos arreglar la verg\u00fcenza propia con un comunicado, varias horas despu\u00e9s. Pero lo de Ayuso, los indultos y Felipe VI no hay quien lo arregle.<\/p>\n\n\n\n<p>Millones de personas, y tambi\u00e9n D\u00edaz Ayuso, saben que al Felipe VI del 3 de octubre le tiene que saber a cuerno quemado firmar unos indultos que no van a resolver el problema y cuyo principal objetivo es anticiparse a un acuerdo del Consejo de Europa que llegar\u00e1 antes de que finalice junio y que puede ser muy duro sobre la represi\u00f3n ejercida en Espa\u00f1a contra los independentistas.<\/p>\n\n\n\n<p>Por tanto, y siendo plenamente consciente la presidenta de Madrid de que Felipe VI no puede negarse a firmar ning\u00fan decreto del Gobierno sin provocar una crisis que nadie sabe d\u00f3nde podr\u00eda terminar, su llamamiento al rey para que no firme los indultos debilita objetivamente la monarqu\u00eda ante todos los espa\u00f1oles, incluidos los m\u00e1s mon\u00e1rquicos de todos que, evidentemente, son los que contin\u00faan formando parte de ese franquismo sociol\u00f3gico cuyos l\u00edderes son los mismos que dirigen Vox, el PP y Ciudadanos.<\/p>\n\n\n\n<p>Ante unos indultos que no deber\u00edan haber entrado jam\u00e1s en la agenda pol\u00edtica, es el momento de preguntarse si los poderes del Estado habr\u00edan actuado de la misma forma en caso de que el discurso del rey del 3 de octubre hubiera sido conciliador con todos los catalanes por igual, y a todos los pol\u00edticos les hubiera dado la orden de sentarse a negociar.<\/p>\n\n\n\n<p>Como la pregunta no tiene respuesta, pero la sospechamos, es leg\u00edtimo compartir las alegr\u00edas que, ante la crisis de la monarqu\u00eda que se cuece en la misma derecha espa\u00f1olista, se merecen quienes, como es el caso de los independentistas, republicanos y catalanes, han actuado siempre y a cara descubierta para reclamar el derecho a decidir sobre su futuro<\/p>\n\n\n\n<p>A prop\u00f3sito de lo de Col\u00f3n, Carles Puigdemont, ha escrito que \u201cSon la gente del rey. La Espa\u00f1a que da miedo\u201d.<\/p>\n\n\n\n<p>Lo hac\u00eda a trav\u00e9s de Twitter desde cualquier punto de Europa excepto Espa\u00f1a, en el supuesto de que a Espa\u00f1a se le pueda seguir llamando Europa mientras todas sus instituciones sigan conjuradas en lo de encarcelar al eurodiputado catal\u00e1n a pesar de la inmunidad parlamentaria recientemente repuesta por la Justicia europea.<\/p>\n\n\n\n<p>Hace bien poco eran los espa\u00f1olistas quienes advert\u00edan a los catalanes que, si romp\u00edan con Espa\u00f1a, tambi\u00e9n quedar\u00edan fuera de Europa.<\/p>\n\n\n\n<p><span style=\"background-color:#010a0e\" class=\"td_text_highlight_marker\">Domingo Sanz<\/span><\/p>\n","protected":false},"excerpt":{"rendered":"<p>Una cierta forma de \u201ctraici\u00f3n\u201d se materializa cuando una persona deja a otra, por decirlo de manera vulgar, \u201ccon el culo al aire\u201d, o en una situaci\u00f3n de compromiso imposible de atender, de tal manera que la traicionada, haga lo que haga, no podr\u00e1 recuperar la imagen anterior y que constitu\u00eda su valor principal. En [&hellip;]<\/p>\n","protected":false},"author":2,"featured_media":1632,"comment_status":"open","ping_status":"open","sticky":false,"template":"","format":"standard","meta":{"footnotes":""},"categories":[139],"tags":[],"class_list":{"0":"post-3052","1":"post","2":"type-post","3":"status-publish","4":"format-standard","5":"has-post-thumbnail","7":"category-opinio"},"_links":{"self":[{"href":"https:\/\/www.areabesos.com\/diario\/wp-json\/wp\/v2\/posts\/3052","targetHints":{"allow":["GET"]}}],"collection":[{"href":"https:\/\/www.areabesos.com\/diario\/wp-json\/wp\/v2\/posts"}],"about":[{"href":"https:\/\/www.areabesos.com\/diario\/wp-json\/wp\/v2\/types\/post"}],"author":[{"embeddable":true,"href":"https:\/\/www.areabesos.com\/diario\/wp-json\/wp\/v2\/users\/2"}],"replies":[{"embeddable":true,"href":"https:\/\/www.areabesos.com\/diario\/wp-json\/wp\/v2\/comments?post=3052"}],"version-history":[{"count":1,"href":"https:\/\/www.areabesos.com\/diario\/wp-json\/wp\/v2\/posts\/3052\/revisions"}],"predecessor-version":[{"id":3053,"href":"https:\/\/www.areabesos.com\/diario\/wp-json\/wp\/v2\/posts\/3052\/revisions\/3053"}],"wp:featuredmedia":[{"embeddable":true,"href":"https:\/\/www.areabesos.com\/diario\/wp-json\/wp\/v2\/media\/1632"}],"wp:attachment":[{"href":"https:\/\/www.areabesos.com\/diario\/wp-json\/wp\/v2\/media?parent=3052"}],"wp:term":[{"taxonomy":"category","embeddable":true,"href":"https:\/\/www.areabesos.com\/diario\/wp-json\/wp\/v2\/categories?post=3052"},{"taxonomy":"post_tag","embeddable":true,"href":"https:\/\/www.areabesos.com\/diario\/wp-json\/wp\/v2\/tags?post=3052"}],"curies":[{"name":"wp","href":"https:\/\/api.w.org\/{rel}","templated":true}]}}