{"id":3048,"date":"2021-06-11T13:55:38","date_gmt":"2021-06-11T11:55:38","guid":{"rendered":"http:\/\/www.areabesos.com\/diario\/?p=3048"},"modified":"2021-06-11T13:55:40","modified_gmt":"2021-06-11T11:55:40","slug":"lateneu-adrianenc-en-situacio-critica-per-un-conflicte-amb-el-servei-del-bar","status":"publish","type":"post","link":"https:\/\/www.areabesos.com\/diario\/lateneu-adrianenc-en-situacio-critica-per-un-conflicte-amb-el-servei-del-bar\/","title":{"rendered":"L&#8217;Ateneu Adrianenc en situaci\u00f3 cr\u00edtica per un conflicte amb el servei del bar"},"content":{"rendered":"\n<p>Despr\u00e9s de\u00a097\u00a0anys d&#8217;activitat\u00a0ininterrompuda\u00a0per promoure la cultura, l&#8217;Ateneu Adrianenc, l&#8217;entitat cultural m\u00e9s antiga de la ciutat, es troba en una situaci\u00f3 econ\u00f2mica l\u00edmit que podria provocar la seva desaparici\u00f3. I tot per un problema amb el bar, un espai que l&#8217;entitat lloga a professionals de la restauraci\u00f3. Segons la junta de l&#8217;entitat, les persones que duen a terme actualment l&#8217;explotaci\u00f3 no tenen perm\u00eds ni llic\u00e8ncia, per\u00f2\u00a0es neguen a marxar. L&#8217;anterior arrendatari, del que eren empleades, va renunciar al contracte el passat 31 de mar\u00e7 de 2021 per motius econ\u00f2mics produits per la pand\u00e8mia que va obligar els locals de restauraci\u00f3 romandre tancats durants molts mesos i amb uns horaris molt limitats un cop permesa la seva reobertura. Va rescindir el contracte i les va despatxar, donant-les de baixa de la seguretat social, per\u00f2 elles no ho van acceptar i continuen treballant al bar de l&#8217;Ateneu Adrianenc \u00absense pagar lloguer ni les factures d&#8217;aigua i electricitat\u00bb, que ha de fer front l&#8217;entitat, i \u00absense tenir asseguran\u00e7a de responsabilitat civil, carnet de manipulaci\u00f3 d&#8217;aliments ni alta fiscal\u00bb, segons comenten els responsables de l&#8217;Ateneu.\u00a0Tal i com explica la junta directiva de l&#8217;entitat, al\u00b7leguen\u00a0que van arribar a un acord econ\u00f2mic amb l&#8217;arrendatari per l&#8217;explotaci\u00f3 del servei de bar\u00a0fins al\u00a02027, quan acabava la concessi\u00f3, se senten estafades i per aix\u00f2 no volen marxar. Un problema que res t\u00e9 a veure amb l&#8217;Ateneu Adrianenc, per\u00f2\u00a0que, en definitiva, \u00e9s qui est\u00e0 pagant les conseq\u00fc\u00e8ncies, portant-lo a una situaci\u00f3 econ\u00f2mica l\u00edmit que pot posar fi a una de les entitats m\u00e9s importants de la ciutat.<br>Davant aquesta situaci\u00f3, l&#8217;Ateneu va intentar solucionar el conflicte de bones maneres, per\u00f2 les persones que duen a terme el servei de bar es neguen a marxar de totes formes. A m\u00e9s, han\u00a0protagonitzat\u00a0episodis\u00a0molt\u00a0tensos i en alguns moments violents que l&#8217;entitat ja ha denunciat davant els Mossos. L&#8217;\u00faltim es va produir el passat 2 de juny. L&#8217;entitat ha demanat un perm\u00eds d&#8217;obra per adequar l&#8217;instal\u00b7laci\u00f3\u00a0el\u00e8ctrica, climatitzaci\u00f3 i seguretat de l&#8217;edifici, molt malmesa per l&#8217;antiguitat i el pas del temps. Unes obres que obligaven a tancar el local durant unes setmanes, com va informar la junta directiva de l&#8217;Ateneu a usuaris i a les treballadores que es neguen a marxar. Tal i com reflecteix la den\u00fancia presentada a la policia, quan un dels operaris va comen\u00e7ar a fer la seva feina, una de les persones que treballen al bar el va amena\u00e7ar amb un ganivet impedint que continu\u00e9s amb els treballs de rehabilitaci\u00f3.<br>La junta directiva de l&#8217;Ateneu Adrianenc ja ha informat els seus associats d&#8217;aquesta greu situaci\u00f3. Tamb\u00e9 s&#8217;ha posat en contacte amb el consistori demanant una soluci\u00f3 al problema, per\u00f2 no ha trobat cap resposta satisfact\u00f2ria. Per aix\u00f2, han demanat una entrevista amb l&#8217;alcaldessa, Filo\u00a0Ca\u00f1ete, perqu\u00e8 no entenen que l&#8217;Ajuntament \u00abes renti les mans davant aquesta injust\u00edcia\u00bb que pot deixar una de les entitats adrianenques m\u00e9s hist\u00f2riques sense cap recurs econ\u00f2mic per tirar endavant.<\/p>\n","protected":false},"excerpt":{"rendered":"<p>Despr\u00e9s de\u00a097\u00a0anys d&#8217;activitat\u00a0ininterrompuda\u00a0per promoure la cultura, l&#8217;Ateneu Adrianenc, l&#8217;entitat cultural m\u00e9s antiga de la ciutat, es troba en una situaci\u00f3 econ\u00f2mica l\u00edmit que podria provocar la seva desaparici\u00f3. I tot per un problema amb el bar, un espai que l&#8217;entitat lloga a professionals de la restauraci\u00f3. Segons la junta de l&#8217;entitat, les persones que duen [&hellip;]<\/p>\n","protected":false},"author":2,"featured_media":3050,"comment_status":"open","ping_status":"open","sticky":false,"template":"","format":"standard","meta":{"footnotes":""},"categories":[134,136,135],"tags":[],"class_list":{"0":"post-3048","1":"post","2":"type-post","3":"status-publish","4":"format-standard","5":"has-post-thumbnail","7":"category-actualitat","8":"category-cultura","9":"category-societat"},"_links":{"self":[{"href":"https:\/\/www.areabesos.com\/diario\/wp-json\/wp\/v2\/posts\/3048","targetHints":{"allow":["GET"]}}],"collection":[{"href":"https:\/\/www.areabesos.com\/diario\/wp-json\/wp\/v2\/posts"}],"about":[{"href":"https:\/\/www.areabesos.com\/diario\/wp-json\/wp\/v2\/types\/post"}],"author":[{"embeddable":true,"href":"https:\/\/www.areabesos.com\/diario\/wp-json\/wp\/v2\/users\/2"}],"replies":[{"embeddable":true,"href":"https:\/\/www.areabesos.com\/diario\/wp-json\/wp\/v2\/comments?post=3048"}],"version-history":[{"count":1,"href":"https:\/\/www.areabesos.com\/diario\/wp-json\/wp\/v2\/posts\/3048\/revisions"}],"predecessor-version":[{"id":3051,"href":"https:\/\/www.areabesos.com\/diario\/wp-json\/wp\/v2\/posts\/3048\/revisions\/3051"}],"wp:featuredmedia":[{"embeddable":true,"href":"https:\/\/www.areabesos.com\/diario\/wp-json\/wp\/v2\/media\/3050"}],"wp:attachment":[{"href":"https:\/\/www.areabesos.com\/diario\/wp-json\/wp\/v2\/media?parent=3048"}],"wp:term":[{"taxonomy":"category","embeddable":true,"href":"https:\/\/www.areabesos.com\/diario\/wp-json\/wp\/v2\/categories?post=3048"},{"taxonomy":"post_tag","embeddable":true,"href":"https:\/\/www.areabesos.com\/diario\/wp-json\/wp\/v2\/tags?post=3048"}],"curies":[{"name":"wp","href":"https:\/\/api.w.org\/{rel}","templated":true}]}}