{"id":3043,"date":"2021-06-11T12:42:29","date_gmt":"2021-06-11T10:42:29","guid":{"rendered":"http:\/\/www.areabesos.com\/diario\/?p=3043"},"modified":"2021-06-11T12:42:33","modified_gmt":"2021-06-11T10:42:33","slug":"la-platja-del-litoral-romandra-tancada-a-lespera-dun-nou-informe","status":"publish","type":"post","link":"https:\/\/www.areabesos.com\/diario\/la-platja-del-litoral-romandra-tancada-a-lespera-dun-nou-informe\/","title":{"rendered":"La platja del Litoral romandr\u00e0 tancada a l&#8217;espera d&#8217;un nou informe"},"content":{"rendered":"\n<p>El consistori adrianenc ha fet p\u00fablic aquest mat\u00ed un comunicat sobre la situaci\u00f3 de la platja del Litoral, que va tancar de manera preventiva el passat 28 de maig despr\u00e9s que un informe alert\u00e9s del perill sobre la salut de les persones per la contaminaci\u00f3 per metalls pesants a la sorra d&#8217;una part de la platja. <\/p>\n\n\n\n<p>L&#8217;Ajuntament afirma que va rebre el passat 3 de juny l\u2019informe t\u00e8cnic de valoraci\u00f3 de la qualitat del s\u00f2l de la platja del Litoral de l\u2019Ag\u00e8ncia de Residus de Catalunya (ARC), organisme competent en mat\u00e8ria de s\u00f2ls contaminats. En aquest informe, l&#8217;ARC avala el tancament de la platja fins que no es disposi d\u2019un nou estudi detallat de la platja del Litoral i d\u2019una actualitzaci\u00f3 del c\u00e0lcul de risc. L&#8217;ARC ja ha expressat dos requeriments al Ministerio para la Transici\u00f3n Ecol\u00f3gica y el Reto Demogr\u00e1fico. El primer, que en el termini m\u00e0xim de 3 mesos porti a terme una investigaci\u00f3 detallada de l\u2019estat ambiental de la capa superficial de les sorres de la platja del Litoral i una actualitzaci\u00f3 de l\u2019an\u00e0lisi qualitativa del risc.\u00a0El segon, que en el termini m\u00e0xim de 6 mesos presenti un projecte de recuperaci\u00f3 de l\u2019\u00e0mbit litoral afectat.<\/p>\n\n\n\n<p>L&#8217;Ajuntament de Sant Adri\u00e0 ja ha sol\u00b7licitat una reuni\u00f3 urgent amb el Ministeri per establir un full de ruta i aconseguir la recuperaci\u00f3 de la platja del Litoral. A m\u00e9s, encarregat al Consorci del Bes\u00f2s un estudi de reconeixement preliminar voluntari de la qualitat ambiental de la sorra de la platja del F\u00f2rum (parc de la Pau), malgrat que no hi ha cap estudi que indiqui risc no admissible per a les persones usu\u00e0ries d\u2019aquesta platja. Una decisi\u00f3 presa pel consistori davant \u00abla preocupaci\u00f3 ciutadana que ha generat el tancament de la platja del Litoral i prioritzant la protecci\u00f3 de la salut de les persones\u00bb.<\/p>\n\n\n\n<p>Per tant, la platja del Litoral continuar\u00e0 tancada fins que les administracions competents \u00abresolguin la situaci\u00f3\u00bb.       <\/p>\n","protected":false},"excerpt":{"rendered":"<p>El consistori adrianenc ha fet p\u00fablic aquest mat\u00ed un comunicat sobre la situaci\u00f3 de la platja del Litoral, que va tancar de manera preventiva el passat 28 de maig despr\u00e9s que un informe alert\u00e9s del perill sobre la salut de les persones per la contaminaci\u00f3 per metalls pesants a la sorra d&#8217;una part de la [&hellip;]<\/p>\n","protected":false},"author":1,"featured_media":3013,"comment_status":"open","ping_status":"open","sticky":false,"template":"","format":"standard","meta":{"footnotes":""},"categories":[134],"tags":[],"class_list":{"0":"post-3043","1":"post","2":"type-post","3":"status-publish","4":"format-standard","5":"has-post-thumbnail","7":"category-actualitat"},"_links":{"self":[{"href":"https:\/\/www.areabesos.com\/diario\/wp-json\/wp\/v2\/posts\/3043","targetHints":{"allow":["GET"]}}],"collection":[{"href":"https:\/\/www.areabesos.com\/diario\/wp-json\/wp\/v2\/posts"}],"about":[{"href":"https:\/\/www.areabesos.com\/diario\/wp-json\/wp\/v2\/types\/post"}],"author":[{"embeddable":true,"href":"https:\/\/www.areabesos.com\/diario\/wp-json\/wp\/v2\/users\/1"}],"replies":[{"embeddable":true,"href":"https:\/\/www.areabesos.com\/diario\/wp-json\/wp\/v2\/comments?post=3043"}],"version-history":[{"count":1,"href":"https:\/\/www.areabesos.com\/diario\/wp-json\/wp\/v2\/posts\/3043\/revisions"}],"predecessor-version":[{"id":3044,"href":"https:\/\/www.areabesos.com\/diario\/wp-json\/wp\/v2\/posts\/3043\/revisions\/3044"}],"wp:featuredmedia":[{"embeddable":true,"href":"https:\/\/www.areabesos.com\/diario\/wp-json\/wp\/v2\/media\/3013"}],"wp:attachment":[{"href":"https:\/\/www.areabesos.com\/diario\/wp-json\/wp\/v2\/media?parent=3043"}],"wp:term":[{"taxonomy":"category","embeddable":true,"href":"https:\/\/www.areabesos.com\/diario\/wp-json\/wp\/v2\/categories?post=3043"},{"taxonomy":"post_tag","embeddable":true,"href":"https:\/\/www.areabesos.com\/diario\/wp-json\/wp\/v2\/tags?post=3043"}],"curies":[{"name":"wp","href":"https:\/\/api.w.org\/{rel}","templated":true}]}}