{"id":3041,"date":"2021-06-08T12:09:11","date_gmt":"2021-06-08T10:09:11","guid":{"rendered":"http:\/\/www.areabesos.com\/diario\/?p=3041"},"modified":"2021-06-08T12:09:13","modified_gmt":"2021-06-08T10:09:13","slug":"la-coordinadora-veinal-de-leix-del-besos-exigeix-el-dret-a-gaudir-de-platges-no-contaminades","status":"publish","type":"post","link":"https:\/\/www.areabesos.com\/diario\/la-coordinadora-veinal-de-leix-del-besos-exigeix-el-dret-a-gaudir-de-platges-no-contaminades\/","title":{"rendered":"La Coordinadora Ve\u00efnal de l\u2019Eix del Bes\u00f2s exigeix el dret a gaudir de platges no contaminades"},"content":{"rendered":"\n<p>L\u2019ajuntament de Sant Adri\u00e0 de Bes\u00f2s ha hagut de tancar al p\u00fablic des de dissabte passat (29 de maig de 2021) i de forma \u201ccautelar\u201d i \u201cprovisional\u201d la seva Platja del Litoral com a reacci\u00f3 a les conclusions d\u2019un estudi encarregat per una empresa privada. Segons aquest estudi, a la zona de sorra estudiada, la concentraci\u00f3 de metalls pesants i d\u2019alguns hidrocarburs supera \u00e0mpliament els valors m\u00e0xims recomanats i, per tant, representen un greu perill per als usuaris.<br>La Coordinadora Ve\u00efnal Eix Bes\u00f2s \u2013 formada per vull entitats ve\u00efnals, entre associacions ve\u00efnals de barri i federacions i la CONFAVC.- lamenta profundament la situaci\u00f3, que deixa sense zona de bany a les portes de l\u2019estiu, a bona part del ve\u00efnat. Una situaci\u00f3 a la qual s\u2019afegeix la desaparici\u00f3 ja fa anys de les \u00faniques piscines descobertes de la ciutat per una mala praxis de l\u2019administraci\u00f3 local.<br>Al mateix temps, denuncia que la situaci\u00f3 no \u00e9s nova ni exclusiva de la platja de Sant Adri\u00e0. La ve\u00efna platja de La Mora a Badalona ja fa anys que est\u00e0 tancada tamb\u00e9 per contaminaci\u00f3 i entitats ecologistes i ciutadanes del territori fa temps que alerten de l\u2019exist\u00e8ncia de s\u00f2ls contaminats a tota la zona i exigeixen mesures concretes.<br>Solament a Sant Adri\u00e0, a tall d\u2019exemple, la plataforma mediambiental Marea Verda va confeccionar un mapa on es localitzaven uns 80 indrets on van haver-hi empreses amb un gran potencial contaminant i el va lliurar al Consorci del Bes\u00f2s juntament amb propostes de mesures concretes a realitzar.<\/p>\n\n\n\n<p><strong>Davant un passat i present contaminant, accions per a millorar el futur<\/strong><\/p>\n\n\n\n<p>\u00c9s evident que aquesta situaci\u00f3 \u00e9s conseq\u00fc\u00e8ncia directa del passat industrial de tot l\u2019eix Bes\u00f2s, on vam haver de conviure amb la pres\u00e8ncia d\u2019ind\u00fastries fortament contaminants com ara qu\u00edmiques, energ\u00e8tiques i sider\u00fargiques. Per\u00f2 tamb\u00e9 del present, perqu\u00e8 encara ens veiem obligats a conviure amb <strong>centrals el\u00e8ctriques, incineradores, depuradores, crematoris, cimenteres o amb plantes de reciclatge de residus <\/strong>com la que va provocar el greu episodi de contaminaci\u00f3 del riu d\u2019ara fa un any i mig.<\/p>\n\n\n\n<p>Els ve\u00efns i ve\u00efnes de l\u2019eix Bes\u00f2s no nom\u00e9s \u201cliderem\u201d els \u00edndex metropolitans de vulnerabilitat, <strong>sin\u00f3 que ens estem veient obligats a pagar, pel que es veu durant molts i molts anys, una hipoteca enverinada<\/strong>. El que necessita el territori \u00e9s amortitzar aquesta hipoteca amb <strong>m\u00e9s zones verdes i economia productiva que aporti llocs de treball de qualitat <\/strong>i no pas amb economia especulativa com la del \u201ctotxo\u201d i la conseg\u00fcent densificaci\u00f3.<\/p>\n\n\n\n<p><strong>Exigim a totes les administracions competents:<\/strong><\/p>\n\n\n\n<p>&#8211; <strong>La descontaminaci\u00f3 immediata de les platges del Litoral i de La Mora <\/strong>superant possibles conflictes competencials entre Administracions i sense vinculaci\u00f3 ni depend\u00e8ncia del Pla Director Urban\u00edstic de les tres Xemeneies que s\u2019est\u00e0 redactant<\/p>\n\n\n\n<p>&#8211; Un pla urgent per <strong>catalogar i analitzar tots els s\u00f2ls potencialment contaminats <\/strong>i un <strong>programa d\u2019actuaci\u00f3 amb calendari i pressupost per a la descontaminaci\u00f3 i per a la protecci\u00f3 preventiva <\/strong>de persones treballadores i ve\u00efnat que, mentrestant, es puguin veure exposats per obres, moviments de terres o altres situacions<\/p>\n\n\n\n<p>&#8211; La inclusi\u00f3 en tots els estudis i an\u00e0lisi, d\u2019un apartat que identifiqui <strong>l\u2019origen dels contaminants i que permeti identificar les empreses industrials responsables per tal de depurar possibles responsabilitats, fer-les pagar les despeses de descontaminaci\u00f3 <\/strong>i\/o evitar afavorir-les amb plusv\u00e0lues derivades de plans de transformaci\u00f3 urbana.<\/p>\n\n\n\n<p><\/p>\n","protected":false},"excerpt":{"rendered":"<p>L\u2019ajuntament de Sant Adri\u00e0 de Bes\u00f2s ha hagut de tancar al p\u00fablic des de dissabte passat (29 de maig de 2021) i de forma \u201ccautelar\u201d i \u201cprovisional\u201d la seva Platja del Litoral com a reacci\u00f3 a les conclusions d\u2019un estudi encarregat per una empresa privada. Segons aquest estudi, a la zona de sorra estudiada, la [&hellip;]<\/p>\n","protected":false},"author":2,"featured_media":3016,"comment_status":"open","ping_status":"open","sticky":false,"template":"","format":"standard","meta":{"footnotes":""},"categories":[134],"tags":[],"class_list":{"0":"post-3041","1":"post","2":"type-post","3":"status-publish","4":"format-standard","5":"has-post-thumbnail","7":"category-actualitat"},"_links":{"self":[{"href":"https:\/\/www.areabesos.com\/diario\/wp-json\/wp\/v2\/posts\/3041","targetHints":{"allow":["GET"]}}],"collection":[{"href":"https:\/\/www.areabesos.com\/diario\/wp-json\/wp\/v2\/posts"}],"about":[{"href":"https:\/\/www.areabesos.com\/diario\/wp-json\/wp\/v2\/types\/post"}],"author":[{"embeddable":true,"href":"https:\/\/www.areabesos.com\/diario\/wp-json\/wp\/v2\/users\/2"}],"replies":[{"embeddable":true,"href":"https:\/\/www.areabesos.com\/diario\/wp-json\/wp\/v2\/comments?post=3041"}],"version-history":[{"count":1,"href":"https:\/\/www.areabesos.com\/diario\/wp-json\/wp\/v2\/posts\/3041\/revisions"}],"predecessor-version":[{"id":3042,"href":"https:\/\/www.areabesos.com\/diario\/wp-json\/wp\/v2\/posts\/3041\/revisions\/3042"}],"wp:featuredmedia":[{"embeddable":true,"href":"https:\/\/www.areabesos.com\/diario\/wp-json\/wp\/v2\/media\/3016"}],"wp:attachment":[{"href":"https:\/\/www.areabesos.com\/diario\/wp-json\/wp\/v2\/media?parent=3041"}],"wp:term":[{"taxonomy":"category","embeddable":true,"href":"https:\/\/www.areabesos.com\/diario\/wp-json\/wp\/v2\/categories?post=3041"},{"taxonomy":"post_tag","embeddable":true,"href":"https:\/\/www.areabesos.com\/diario\/wp-json\/wp\/v2\/tags?post=3041"}],"curies":[{"name":"wp","href":"https:\/\/api.w.org\/{rel}","templated":true}]}}