{"id":3009,"date":"2021-05-28T10:50:00","date_gmt":"2021-05-28T08:50:00","guid":{"rendered":"http:\/\/www.areabesos.com\/diario\/?p=3009"},"modified":"2021-05-31T12:30:22","modified_gmt":"2021-05-31T10:30:22","slug":"els-partits-politics-i-politics-en-locas","status":"publish","type":"post","link":"https:\/\/www.areabesos.com\/diario\/els-partits-politics-i-politics-en-locas\/","title":{"rendered":"Els partits pol\u00edtics i pol\u00edtics en l&#8217;oc\u00e0s"},"content":{"rendered":"\n<p>Segurament estem a la\u00a0\u00faltima\u00a0etapa de la desaparici\u00f3 dels partits\u00a0pol\u00edtics. Nom\u00e9s\u00a0els que siguin capa\u00e7os de recon\u00e8ixer-ho a temps sobreviuran i es reinventessin, si\u00a0no ho fan la realitat\u00a0pass\u00e9s\u00a0per sobre d&#8217;ells. Els partits han esdevingut en els \u00faltims anys en lloses sagrades, on s&#8217;enquisten els que juguen amb oferir millores a capes\u00a0m\u00e9s\u00a0desprotegides, que s\u00f3n la majoria de la poblaci\u00f3. Les institucions fetes perqu\u00e8 la dirigeixin professionals de la pol\u00edtica, que viuen de vendre esperances, estan sent jutjades pel present. Les noves generacions no accepten aquesta manera de manejar la vida p\u00fablica i social, i pensen cobrar els seus interessos. Durant molts anys els partits pol\u00edtics es nodrien de la capa baixa de la poblaci\u00f3 que despr\u00e9s d&#8217;anys de dedicaci\u00f3 arribaven a llocs de comandament, aix\u00f2\u00a0ha acabat. El sector empresarial ja no es conforma\u00a0amb\u00a0ser el manteniment dels partits pol\u00edtics,\u00a0sin\u00f3 que porta als seus propis candidats Ja ha comen\u00e7at a It\u00e0lia,\u00a0la revoluci\u00f3 del proletariat amb la introducci\u00f3 d&#8217;intel\u00b7lectuals de la classe mitjana en la pol\u00edtica i llevar als pol\u00edtics\u00a0chusqueros\u00a0i poc preparats. Segurament trigarem anys a arribar a crear aquesta nova manera de governar,\u00a0per\u00f2 arribarem No pot ser el que\u00a0est\u00e0\u00a0passant en aquests \u00faltims anys,\u00a0ni ho podem\u00a0permetre.<\/p>\n\n\n\n<p><span style=\"background-color:#010a0f\" class=\"td_text_highlight_marker\">Jos\u00e9 Meg\u00edas<\/span><\/p>\n","protected":false},"excerpt":{"rendered":"<p>Segurament estem a la\u00a0\u00faltima\u00a0etapa de la desaparici\u00f3 dels partits\u00a0pol\u00edtics. Nom\u00e9s\u00a0els que siguin capa\u00e7os de recon\u00e8ixer-ho a temps sobreviuran i es reinventessin, si\u00a0no ho fan la realitat\u00a0pass\u00e9s\u00a0per sobre d&#8217;ells. Els partits han esdevingut en els \u00faltims anys en lloses sagrades, on s&#8217;enquisten els que juguen amb oferir millores a capes\u00a0m\u00e9s\u00a0desprotegides, que s\u00f3n la majoria de la [&hellip;]<\/p>\n","protected":false},"author":2,"featured_media":2515,"comment_status":"open","ping_status":"open","sticky":false,"template":"","format":"standard","meta":{"footnotes":""},"categories":[139],"tags":[],"class_list":{"0":"post-3009","1":"post","2":"type-post","3":"status-publish","4":"format-standard","5":"has-post-thumbnail","7":"category-opinio"},"_links":{"self":[{"href":"https:\/\/www.areabesos.com\/diario\/wp-json\/wp\/v2\/posts\/3009","targetHints":{"allow":["GET"]}}],"collection":[{"href":"https:\/\/www.areabesos.com\/diario\/wp-json\/wp\/v2\/posts"}],"about":[{"href":"https:\/\/www.areabesos.com\/diario\/wp-json\/wp\/v2\/types\/post"}],"author":[{"embeddable":true,"href":"https:\/\/www.areabesos.com\/diario\/wp-json\/wp\/v2\/users\/2"}],"replies":[{"embeddable":true,"href":"https:\/\/www.areabesos.com\/diario\/wp-json\/wp\/v2\/comments?post=3009"}],"version-history":[{"count":1,"href":"https:\/\/www.areabesos.com\/diario\/wp-json\/wp\/v2\/posts\/3009\/revisions"}],"predecessor-version":[{"id":3010,"href":"https:\/\/www.areabesos.com\/diario\/wp-json\/wp\/v2\/posts\/3009\/revisions\/3010"}],"wp:featuredmedia":[{"embeddable":true,"href":"https:\/\/www.areabesos.com\/diario\/wp-json\/wp\/v2\/media\/2515"}],"wp:attachment":[{"href":"https:\/\/www.areabesos.com\/diario\/wp-json\/wp\/v2\/media?parent=3009"}],"wp:term":[{"taxonomy":"category","embeddable":true,"href":"https:\/\/www.areabesos.com\/diario\/wp-json\/wp\/v2\/categories?post=3009"},{"taxonomy":"post_tag","embeddable":true,"href":"https:\/\/www.areabesos.com\/diario\/wp-json\/wp\/v2\/tags?post=3009"}],"curies":[{"name":"wp","href":"https:\/\/api.w.org\/{rel}","templated":true}]}}