{"id":2969,"date":"2021-05-19T17:29:24","date_gmt":"2021-05-19T15:29:24","guid":{"rendered":"http:\/\/www.areabesos.com\/diario\/?p=2969"},"modified":"2021-05-19T17:29:26","modified_gmt":"2021-05-19T15:29:26","slug":"participacio-ciutadana-per-renovar-la-imatge-del-cafe-sant-adria","status":"publish","type":"post","link":"https:\/\/www.areabesos.com\/diario\/participacio-ciutadana-per-renovar-la-imatge-del-cafe-sant-adria\/","title":{"rendered":"Participaci\u00f3 ciutadana per renovar la imatge del Caf\u00e9 Sant Adri\u00e0"},"content":{"rendered":"\n<p>Caf\u00e8 Ciutat \u00e9s una campanya adre\u00e7ada a la ciutadania, al teixit associatiu, entitats p\u00fabliques i establiments per tal de fomentar la consci\u00e8ncia en el consum de caf\u00e8 d\u2019una manera responsable, coneixent el seu origen i les condicions de Comer\u00e7 Just en qu\u00e8 s\u2019ha produ\u00eft. Per fer-ho, vincula el consum de determinats caf\u00e8s amb localitats de la nostra terra: aix\u00ed s\u2019impulsa <strong>un caf\u00e8 de Comer\u00e7 Just amb identitat per a la nostra ciutat<\/strong>, <strong>vinculant-la amb un caf\u00e8 d\u2019origen <\/strong>i amb la possibilitat d\u2019agermanar-se amb una cooperativa <em>cafetera <\/em>productora.<br><br>El Comer\u00e7 Just \u00e9s un sistema comercial basat en el di\u00e0leg, la transpar\u00e8ncia i el respecte, que busca una major equitat en el comer\u00e7 internacional prestant especial atenci\u00f3 a criteris socials i mediambientals. Contribueix al desenvolupament sostenible oferint millors condicions comercials i assegurant els drets de productors\/as i treballadors\/as desfavorits, especialment en el Sud<em>\u201d.<\/em><\/p>\n\n\n\n<p><br>La renovaci\u00f3 de la imatge, ha estat un proc\u00e9s col\u00b7lectiu per repensar i renovar el projecte on participen els 11 municipis que actualment formen part de la Xarxa, amb el suport de LaCoordi (<a href=\"https:\/\/lacoordi.cat\/qui-som\/\" target=\"_blank\" rel=\"noreferrer noopener\">https:\/\/lacoordi.cat\/qui-som\/<\/a>) i la Diputaci\u00f3 de Barcelona.<\/p>\n\n\n\n<p>Ara estem en aquest moment de renovaci\u00f3 de la imatge del paquet i l\u2019Ajuntament de Sant Adri\u00e0 vol que ciutadans i ciutadanes diguin la seva i participin en el canvi. Ho poden fer, fins al 31 de maig, a trav\u00e9s del link <a href=\"https:\/\/lacoordi.cat\/cafe-ciutat\/\" target=\"_blank\" rel=\"noreferrer noopener\">https:\/\/lacoordi.cat\/cafe-ciutat\/<\/a>\u00a0 votant la imatge que m\u00e9s els agradi.<\/p>\n","protected":false},"excerpt":{"rendered":"<p>Caf\u00e8 Ciutat \u00e9s una campanya adre\u00e7ada a la ciutadania, al teixit associatiu, entitats p\u00fabliques i establiments per tal de fomentar la consci\u00e8ncia en el consum de caf\u00e8 d\u2019una manera responsable, coneixent el seu origen i les condicions de Comer\u00e7 Just en qu\u00e8 s\u2019ha produ\u00eft. Per fer-ho, vincula el consum de determinats caf\u00e8s amb localitats de [&hellip;]<\/p>\n","protected":false},"author":2,"featured_media":2970,"comment_status":"open","ping_status":"open","sticky":false,"template":"","format":"standard","meta":{"footnotes":""},"categories":[134],"tags":[],"class_list":{"0":"post-2969","1":"post","2":"type-post","3":"status-publish","4":"format-standard","5":"has-post-thumbnail","7":"category-actualitat"},"_links":{"self":[{"href":"https:\/\/www.areabesos.com\/diario\/wp-json\/wp\/v2\/posts\/2969","targetHints":{"allow":["GET"]}}],"collection":[{"href":"https:\/\/www.areabesos.com\/diario\/wp-json\/wp\/v2\/posts"}],"about":[{"href":"https:\/\/www.areabesos.com\/diario\/wp-json\/wp\/v2\/types\/post"}],"author":[{"embeddable":true,"href":"https:\/\/www.areabesos.com\/diario\/wp-json\/wp\/v2\/users\/2"}],"replies":[{"embeddable":true,"href":"https:\/\/www.areabesos.com\/diario\/wp-json\/wp\/v2\/comments?post=2969"}],"version-history":[{"count":1,"href":"https:\/\/www.areabesos.com\/diario\/wp-json\/wp\/v2\/posts\/2969\/revisions"}],"predecessor-version":[{"id":2971,"href":"https:\/\/www.areabesos.com\/diario\/wp-json\/wp\/v2\/posts\/2969\/revisions\/2971"}],"wp:featuredmedia":[{"embeddable":true,"href":"https:\/\/www.areabesos.com\/diario\/wp-json\/wp\/v2\/media\/2970"}],"wp:attachment":[{"href":"https:\/\/www.areabesos.com\/diario\/wp-json\/wp\/v2\/media?parent=2969"}],"wp:term":[{"taxonomy":"category","embeddable":true,"href":"https:\/\/www.areabesos.com\/diario\/wp-json\/wp\/v2\/categories?post=2969"},{"taxonomy":"post_tag","embeddable":true,"href":"https:\/\/www.areabesos.com\/diario\/wp-json\/wp\/v2\/tags?post=2969"}],"curies":[{"name":"wp","href":"https:\/\/api.w.org\/{rel}","templated":true}]}}