{"id":2960,"date":"2021-05-17T10:50:00","date_gmt":"2021-05-17T08:50:00","guid":{"rendered":"http:\/\/www.areabesos.com\/diario\/?p=2960"},"modified":"2021-05-18T10:53:58","modified_gmt":"2021-05-18T08:53:58","slug":"amnistia-i-llibertat-fa-la-seva-presentacio-a-sant-adria","status":"publish","type":"post","link":"https:\/\/www.areabesos.com\/diario\/amnistia-i-llibertat-fa-la-seva-presentacio-a-sant-adria\/","title":{"rendered":"Amnistia i Llibertat fa la seva presentaci\u00f3 a Sant Adri\u00e0"},"content":{"rendered":"\n<p>Dijous 13 de maig va celebrar-se a la Pla\u00e7a Guillermo Vida\u00f1a l&#8217;acte de presentaci\u00f3 a la ciutat de la plataforma ciutadana Amnistia i Llibertat que lluita per la fi de la<br>repressi\u00f3 contra les m\u00e9s de 3300 persones encausades des de l&#8217;inici del proc\u00e9s,<br>demanant l&#8217;amnistia i l&#8217;autodeterminaci\u00f3 com a \u00fanica sortida possible davant aquest<br>conflicte pol\u00edtic.<br>Amnistia i Llibertat mant\u00e9 diferents campanyes obertes com s\u00f3n: la recollida de<br>signatures per a la promoci\u00f3 d\u2019una llei d\u2019amnistia que acabi amb la repressi\u00f3 contra<br>totes aquestes persones encausades o la venta de merchandising per reomplir la<br>caixa de solidaritat per fer front a les multes i sent\u00e8ncies contra els represaliats.<br>Just aquesta setmana, la Mesa del Congr\u00e9s dels Diputats ha denegat l\u2019admissi\u00f3 a<br>tr\u00e0mit i debat sobre la Llei d\u2019Amnistia presentada pels grups independentistes al<br>Congr\u00e9s.<br>L&#8217;acte va ser presentat i condu\u00eft per la seva portaveu, N\u00faria Arnau, comptant amb la<br>pres\u00e8ncia de Marcel Vivet, activista represaliat, Sara Mu\u00f1oz, periodista de La<br>Rep\u00fablica i Anna Sim\u00f3, ex-vicepresidenta del parlament i represaliada pel seu paper<br>a la Mesa durant l&#8217;octubre de 2017.<br>Els ponents van explicar les seves experi\u00e8ncies amb la repressi\u00f3 i van donar la seva<br>visi\u00f3 de com afrontar-la i com superar-la. Tamb\u00e9 van advertir que la repressi\u00f3 no<br>s\u2019aturar\u00e0 i que cal tenir-ho en compte, perqu\u00e8 vol dir que ens hem de donar suport i<br>reconstruir les confiances i xarxes entre ciutadania, entitats i pol\u00edtica per poder<br>afrontar un nou embat democr\u00e0tic i pac\u00edfic.<br>A m\u00e9s, l&#8217;acte va tenir el suport de les diferents entitats i formacions pol\u00edtiques del<br>municipi:ANC,CDR,CUP,,Endavant,ERC,JoventRepublic\u00e0,Junts,MES,\u00d2mnium<br>Cultural i S\u00famate.<br>Cal remarcar que l&#8217;acte va comptar en tot moment amb les mesures de seguretat<br>necess\u00e0ries per preservar la salut de tots els assistents que van apropar-se.<\/p>\n\n\n\n<p><br><\/p>\n\n\n\n<div><a href=\"https:\/\/www.areabesos.com\/diario\/wp-content\/uploads\/2021\/05\/amnistia_llibertat2.jpg\" class=\"td-modal-image\"><figure class=\"wp-block-image size-large\"><img loading=\"lazy\" decoding=\"async\" width=\"900\" height=\"603\" src=\"https:\/\/www.areabesos.com\/diario\/wp-content\/uploads\/2021\/05\/amnistia_llibertat2.jpg\" alt=\"\" class=\"wp-image-2961\" srcset=\"https:\/\/www.areabesos.com\/diario\/wp-content\/uploads\/2021\/05\/amnistia_llibertat2.jpg 900w, https:\/\/www.areabesos.com\/diario\/wp-content\/uploads\/2021\/05\/amnistia_llibertat2-300x201.jpg 300w, https:\/\/www.areabesos.com\/diario\/wp-content\/uploads\/2021\/05\/amnistia_llibertat2-768x515.jpg 768w, https:\/\/www.areabesos.com\/diario\/wp-content\/uploads\/2021\/05\/amnistia_llibertat2-150x101.jpg 150w, https:\/\/www.areabesos.com\/diario\/wp-content\/uploads\/2021\/05\/amnistia_llibertat2-696x466.jpg 696w\" sizes=\"auto, (max-width: 900px) 100vw, 900px\" \/><\/figure><\/a><\/div>\n","protected":false},"excerpt":{"rendered":"<p>Dijous 13 de maig va celebrar-se a la Pla\u00e7a Guillermo Vida\u00f1a l&#8217;acte de presentaci\u00f3 a la ciutat de la plataforma ciutadana Amnistia i Llibertat que lluita per la fi de larepressi\u00f3 contra les m\u00e9s de 3300 persones encausades des de l&#8217;inici del proc\u00e9s,demanant l&#8217;amnistia i l&#8217;autodeterminaci\u00f3 com a \u00fanica sortida possible davant aquestconflicte pol\u00edtic.Amnistia i [&hellip;]<\/p>\n","protected":false},"author":2,"featured_media":2962,"comment_status":"open","ping_status":"open","sticky":false,"template":"","format":"standard","meta":{"footnotes":""},"categories":[134],"tags":[],"class_list":{"0":"post-2960","1":"post","2":"type-post","3":"status-publish","4":"format-standard","5":"has-post-thumbnail","7":"category-actualitat"},"_links":{"self":[{"href":"https:\/\/www.areabesos.com\/diario\/wp-json\/wp\/v2\/posts\/2960","targetHints":{"allow":["GET"]}}],"collection":[{"href":"https:\/\/www.areabesos.com\/diario\/wp-json\/wp\/v2\/posts"}],"about":[{"href":"https:\/\/www.areabesos.com\/diario\/wp-json\/wp\/v2\/types\/post"}],"author":[{"embeddable":true,"href":"https:\/\/www.areabesos.com\/diario\/wp-json\/wp\/v2\/users\/2"}],"replies":[{"embeddable":true,"href":"https:\/\/www.areabesos.com\/diario\/wp-json\/wp\/v2\/comments?post=2960"}],"version-history":[{"count":2,"href":"https:\/\/www.areabesos.com\/diario\/wp-json\/wp\/v2\/posts\/2960\/revisions"}],"predecessor-version":[{"id":2964,"href":"https:\/\/www.areabesos.com\/diario\/wp-json\/wp\/v2\/posts\/2960\/revisions\/2964"}],"wp:featuredmedia":[{"embeddable":true,"href":"https:\/\/www.areabesos.com\/diario\/wp-json\/wp\/v2\/media\/2962"}],"wp:attachment":[{"href":"https:\/\/www.areabesos.com\/diario\/wp-json\/wp\/v2\/media?parent=2960"}],"wp:term":[{"taxonomy":"category","embeddable":true,"href":"https:\/\/www.areabesos.com\/diario\/wp-json\/wp\/v2\/categories?post=2960"},{"taxonomy":"post_tag","embeddable":true,"href":"https:\/\/www.areabesos.com\/diario\/wp-json\/wp\/v2\/tags?post=2960"}],"curies":[{"name":"wp","href":"https:\/\/api.w.org\/{rel}","templated":true}]}}