{"id":2957,"date":"2021-05-18T10:42:06","date_gmt":"2021-05-18T08:42:06","guid":{"rendered":"http:\/\/www.areabesos.com\/diario\/?p=2957"},"modified":"2021-05-18T10:42:09","modified_gmt":"2021-05-18T08:42:09","slug":"el-rcd-espanyol-fa-una-aportacio-de-12-000-deuros-per-a-actuacions-socials-a-la-ciutat","status":"publish","type":"post","link":"https:\/\/www.areabesos.com\/diario\/el-rcd-espanyol-fa-una-aportacio-de-12-000-deuros-per-a-actuacions-socials-a-la-ciutat\/","title":{"rendered":"El RCD Espanyol fa una aportaci\u00f3 de 12.000 d&#8217;euros per a actuacions socials a la ciutat"},"content":{"rendered":"\n<p>L&#8217;Ajuntament de Sant Adri\u00e0 de Bes\u00f2s i el Reial Club Esportiu Espanyol (RCDE) van signar l\u2019any 2014 un conveni de col\u00b7laboraci\u00f3, amb una vig\u00e8ncia de 10 anys, amb l\u2019objectiu de promoure actuacions de car\u00e0cter social a la ciutat.&nbsp; El document establia que el RCD Espanyol faria una aportaci\u00f3 de 12.000 euros anuals a programes socials del municipi i que el Club i la Regidoria de Benestar i Fam\u00edlia decidirian conjuntament cada any el dest\u00ed i la data de l\u2019aportaci\u00f3 econ\u00f2mica.<\/p>\n\n\n\n<p>En el marc d\u2019aquest conveni el RCDE finan\u00e7ar\u00e0 aquest any 2021 dues accions:<\/p>\n\n\n\n<p>D\u2019una banda, <strong>l\u2019 adquisici\u00f3 de 1.200 gorres dins de la campanya \u00abPosa\u2019t la Gorra\u00bb<\/strong> de l\u2019Associaci\u00f3 de familiars i amics de nens oncol\u00f2gics de Catalunya-AFANOC, destinades als infants dels centres oberts i entitats del territori que fan activitats d\u2019estiu, amb una <strong>aportaci\u00f3 de 9.600 \u20ac.<\/strong><\/p>\n\n\n\n<p>D\u2019altra banda, la compra de <strong>medicaments a l\u2019Associaci\u00f3 Banc Farmac\u00e8utic per un import m\u00e0xim de 2.400 \u20ac. <\/strong>El Banc Farmac\u00e8utic, \u00e9s una ONG sense \u00e0nim de lucre que t\u00e9 com a finalitat garantir l\u2019acc\u00e9s als medicaments a persones sense recursos i en situaci\u00f3 d\u2019exclusi\u00f3 social i pobresa.<\/p>\n\n\n\n<p>El RCDE \u00e9s una entitat vinculada a Sant Adri\u00e0 i hist\u00f2ricament ha tingut la voluntat de col\u00b7laborar amb la inf\u00e0ncia i la joventut fomentant l&#8217;esport i la formaci\u00f3 i promovent tamb\u00e9 projectes solidaris de diversa \u00edndole en l&#8217;\u00e0mbit local.<\/p>\n","protected":false},"excerpt":{"rendered":"<p>L&#8217;Ajuntament de Sant Adri\u00e0 de Bes\u00f2s i el Reial Club Esportiu Espanyol (RCDE) van signar l\u2019any 2014 un conveni de col\u00b7laboraci\u00f3, amb una vig\u00e8ncia de 10 anys, amb l\u2019objectiu de promoure actuacions de car\u00e0cter social a la ciutat.&nbsp; El document establia que el RCD Espanyol faria una aportaci\u00f3 de 12.000 euros anuals a programes socials [&hellip;]<\/p>\n","protected":false},"author":2,"featured_media":2958,"comment_status":"open","ping_status":"open","sticky":false,"template":"","format":"standard","meta":{"footnotes":""},"categories":[134,137],"tags":[],"class_list":{"0":"post-2957","1":"post","2":"type-post","3":"status-publish","4":"format-standard","5":"has-post-thumbnail","7":"category-actualitat","8":"category-esports"},"_links":{"self":[{"href":"https:\/\/www.areabesos.com\/diario\/wp-json\/wp\/v2\/posts\/2957","targetHints":{"allow":["GET"]}}],"collection":[{"href":"https:\/\/www.areabesos.com\/diario\/wp-json\/wp\/v2\/posts"}],"about":[{"href":"https:\/\/www.areabesos.com\/diario\/wp-json\/wp\/v2\/types\/post"}],"author":[{"embeddable":true,"href":"https:\/\/www.areabesos.com\/diario\/wp-json\/wp\/v2\/users\/2"}],"replies":[{"embeddable":true,"href":"https:\/\/www.areabesos.com\/diario\/wp-json\/wp\/v2\/comments?post=2957"}],"version-history":[{"count":1,"href":"https:\/\/www.areabesos.com\/diario\/wp-json\/wp\/v2\/posts\/2957\/revisions"}],"predecessor-version":[{"id":2959,"href":"https:\/\/www.areabesos.com\/diario\/wp-json\/wp\/v2\/posts\/2957\/revisions\/2959"}],"wp:featuredmedia":[{"embeddable":true,"href":"https:\/\/www.areabesos.com\/diario\/wp-json\/wp\/v2\/media\/2958"}],"wp:attachment":[{"href":"https:\/\/www.areabesos.com\/diario\/wp-json\/wp\/v2\/media?parent=2957"}],"wp:term":[{"taxonomy":"category","embeddable":true,"href":"https:\/\/www.areabesos.com\/diario\/wp-json\/wp\/v2\/categories?post=2957"},{"taxonomy":"post_tag","embeddable":true,"href":"https:\/\/www.areabesos.com\/diario\/wp-json\/wp\/v2\/tags?post=2957"}],"curies":[{"name":"wp","href":"https:\/\/api.w.org\/{rel}","templated":true}]}}