{"id":2952,"date":"2021-05-15T11:49:00","date_gmt":"2021-05-15T09:49:00","guid":{"rendered":"http:\/\/www.areabesos.com\/diario\/?p=2952"},"modified":"2021-05-17T12:03:11","modified_gmt":"2021-05-17T10:03:11","slug":"rescatat-el-cabirol-perdut-del-besos","status":"publish","type":"post","link":"https:\/\/www.areabesos.com\/diario\/rescatat-el-cabirol-perdut-del-besos\/","title":{"rendered":"Rescatat el cabirol perdut del Bes\u00f2s"},"content":{"rendered":"\n<p>Aquest migdia ha estat recatat de les aig\u00fces del Port F\u00f2rum el cabirol que s&#8217;havia vist per la part baixa del riu Bes\u00f2s i que s&#8217;havia desorientat pels carrers de Sant Adri\u00e0 i Badalona. Una barca l&#8217;ha vist nedant al port i ha avisat a les autoritats. Agents rurals de la Generalitat, Mossos i la policia local adrianenca l&#8217;han aconseguit salvar. L&#8217;animal, en bon estat tot i els dies que ha passat espantat en els carrers de la ciutat (se l&#8217;ha vist fins i tot pel barri de La Mina) ha etat traslladat al Centre de Fauna Salvatge Torreferrussa.<\/p>\n\n\n\n<p>L&#8217;animal, que t\u00e9 el seu h\u00e0bitat natural a la Serralada de Marina, havia baixat al Parc Fluvial del Bes\u00f2s fa unes setmanes. Les autoritats no van plantejar un rescat per tornar-lo al bosc perqu\u00e8 tenia bon aspecte i estava en un espai natural, per\u00f2 enlloc de tornar ell sol es va desorientar i va sortir del parc per escapar pels carrers de Sant Adri\u00e0 i tamb\u00e9 Badalona. El consistori adrianenc va demanar la col\u00b7laboraci\u00f3 dels ciutadans i el 112 va rebre moltes trucades de ve\u00efns que havien vist el cabirol. Finalment, tota la hist\u00f2ria ha acabat amb l&#8217;animal en bon estat i aviat tornar\u00e0 a ser a casa seva.<\/p>\n","protected":false},"excerpt":{"rendered":"<p>Aquest migdia ha estat recatat de les aig\u00fces del Port F\u00f2rum el cabirol que s&#8217;havia vist per la part baixa del riu Bes\u00f2s i que s&#8217;havia desorientat pels carrers de Sant Adri\u00e0 i Badalona. Una barca l&#8217;ha vist nedant al port i ha avisat a les autoritats. Agents rurals de la Generalitat, Mossos i la [&hellip;]<\/p>\n","protected":false},"author":2,"featured_media":2953,"comment_status":"open","ping_status":"open","sticky":false,"template":"","format":"standard","meta":{"footnotes":""},"categories":[134],"tags":[],"class_list":{"0":"post-2952","1":"post","2":"type-post","3":"status-publish","4":"format-standard","5":"has-post-thumbnail","7":"category-actualitat"},"_links":{"self":[{"href":"https:\/\/www.areabesos.com\/diario\/wp-json\/wp\/v2\/posts\/2952","targetHints":{"allow":["GET"]}}],"collection":[{"href":"https:\/\/www.areabesos.com\/diario\/wp-json\/wp\/v2\/posts"}],"about":[{"href":"https:\/\/www.areabesos.com\/diario\/wp-json\/wp\/v2\/types\/post"}],"author":[{"embeddable":true,"href":"https:\/\/www.areabesos.com\/diario\/wp-json\/wp\/v2\/users\/2"}],"replies":[{"embeddable":true,"href":"https:\/\/www.areabesos.com\/diario\/wp-json\/wp\/v2\/comments?post=2952"}],"version-history":[{"count":1,"href":"https:\/\/www.areabesos.com\/diario\/wp-json\/wp\/v2\/posts\/2952\/revisions"}],"predecessor-version":[{"id":2954,"href":"https:\/\/www.areabesos.com\/diario\/wp-json\/wp\/v2\/posts\/2952\/revisions\/2954"}],"wp:featuredmedia":[{"embeddable":true,"href":"https:\/\/www.areabesos.com\/diario\/wp-json\/wp\/v2\/media\/2953"}],"wp:attachment":[{"href":"https:\/\/www.areabesos.com\/diario\/wp-json\/wp\/v2\/media?parent=2952"}],"wp:term":[{"taxonomy":"category","embeddable":true,"href":"https:\/\/www.areabesos.com\/diario\/wp-json\/wp\/v2\/categories?post=2952"},{"taxonomy":"post_tag","embeddable":true,"href":"https:\/\/www.areabesos.com\/diario\/wp-json\/wp\/v2\/tags?post=2952"}],"curies":[{"name":"wp","href":"https:\/\/api.w.org\/{rel}","templated":true}]}}