{"id":2946,"date":"2021-05-14T11:49:54","date_gmt":"2021-05-14T09:49:54","guid":{"rendered":"http:\/\/www.areabesos.com\/diario\/?p=2946"},"modified":"2021-05-14T11:49:58","modified_gmt":"2021-05-14T09:49:58","slug":"amazon-tendra-un-nuevo-almacen-en-el-poligono-de-montsolis","status":"publish","type":"post","link":"https:\/\/www.areabesos.com\/diario\/amazon-tendra-un-nuevo-almacen-en-el-poligono-de-montsolis\/","title":{"rendered":"Amazon tendr\u00e1 un nuevo almac\u00e9n en el Pol\u00edgono de Montsol\u00eds"},"content":{"rendered":"\n<p>Amazon ha anunciado la apertura de tres nuevas estaciones log\u00edsticas en Barcelona, Montcada y Mollet del Vall\u00e8s. La primera se ubicar\u00e1 en el Pol\u00edgono Montsol\u00eds, en la calle Canem de Barcelona muy pr\u00f3xima a la frontera con Sant Adri\u00e0 de Bes\u00f2s, y comenzar\u00e1 a funcionar en octubre. Ocupar\u00e1 10.700 metros cuadrados.  <\/p>\n\n\n\n<p>La compa\u00f1\u00eda ha destacado que generar\u00e1 60 puestos de trabajo fijos y 400 indirectos para repartidores de las 6 empresas de reparto colaboradoras.  <\/p>\n","protected":false},"excerpt":{"rendered":"<p>Amazon ha anunciado la apertura de tres nuevas estaciones log\u00edsticas en Barcelona, Montcada y Mollet del Vall\u00e8s. La primera se ubicar\u00e1 en el Pol\u00edgono Montsol\u00eds, en la calle Canem de Barcelona muy pr\u00f3xima a la frontera con Sant Adri\u00e0 de Bes\u00f2s, y comenzar\u00e1 a funcionar en octubre. Ocupar\u00e1 10.700 metros cuadrados. La compa\u00f1\u00eda ha destacado [&hellip;]<\/p>\n","protected":false},"author":1,"featured_media":2947,"comment_status":"open","ping_status":"open","sticky":false,"template":"","format":"standard","meta":{"footnotes":""},"categories":[134],"tags":[],"class_list":{"0":"post-2946","1":"post","2":"type-post","3":"status-publish","4":"format-standard","5":"has-post-thumbnail","7":"category-actualitat"},"_links":{"self":[{"href":"https:\/\/www.areabesos.com\/diario\/wp-json\/wp\/v2\/posts\/2946","targetHints":{"allow":["GET"]}}],"collection":[{"href":"https:\/\/www.areabesos.com\/diario\/wp-json\/wp\/v2\/posts"}],"about":[{"href":"https:\/\/www.areabesos.com\/diario\/wp-json\/wp\/v2\/types\/post"}],"author":[{"embeddable":true,"href":"https:\/\/www.areabesos.com\/diario\/wp-json\/wp\/v2\/users\/1"}],"replies":[{"embeddable":true,"href":"https:\/\/www.areabesos.com\/diario\/wp-json\/wp\/v2\/comments?post=2946"}],"version-history":[{"count":1,"href":"https:\/\/www.areabesos.com\/diario\/wp-json\/wp\/v2\/posts\/2946\/revisions"}],"predecessor-version":[{"id":2948,"href":"https:\/\/www.areabesos.com\/diario\/wp-json\/wp\/v2\/posts\/2946\/revisions\/2948"}],"wp:featuredmedia":[{"embeddable":true,"href":"https:\/\/www.areabesos.com\/diario\/wp-json\/wp\/v2\/media\/2947"}],"wp:attachment":[{"href":"https:\/\/www.areabesos.com\/diario\/wp-json\/wp\/v2\/media?parent=2946"}],"wp:term":[{"taxonomy":"category","embeddable":true,"href":"https:\/\/www.areabesos.com\/diario\/wp-json\/wp\/v2\/categories?post=2946"},{"taxonomy":"post_tag","embeddable":true,"href":"https:\/\/www.areabesos.com\/diario\/wp-json\/wp\/v2\/tags?post=2946"}],"curies":[{"name":"wp","href":"https:\/\/api.w.org\/{rel}","templated":true}]}}