{"id":2943,"date":"2021-05-14T11:26:26","date_gmt":"2021-05-14T09:26:26","guid":{"rendered":"http:\/\/www.areabesos.com\/diario\/?p=2943"},"modified":"2021-05-14T11:26:29","modified_gmt":"2021-05-14T09:26:29","slug":"sant-adria-se-suma-al-dia-internacional-contra-la-homofobia-i-la-transfobia","status":"publish","type":"post","link":"https:\/\/www.areabesos.com\/diario\/sant-adria-se-suma-al-dia-internacional-contra-la-homofobia-i-la-transfobia\/","title":{"rendered":"Sant Adri\u00e0 se suma al Dia Internacional contra la Homof\u00f2bia i la Transf\u00f2bia"},"content":{"rendered":"\n<p>El <strong>Dia Internacional contra la Homof\u00f2bia i la Transf\u00f2bia se celebra el 17 de maig <\/strong>percommemorar que l&#8217;OMS va eliminar, el 1990, l&#8217;homosexualitat de la llista de malalties mentals. Aquest dia s&#8217;organitzen tot tipus d\u2019accions que serveixen per denunciar la discriminaci\u00f3 de les persones homosexuals, lesbianes, bisexuals i transsexuals per fer avan\u00e7ar els seus drets arreu del m\u00f3n.<\/p>\n\n\n\n<p>Aquest any, sota el lema <strong>\u00abAbracem la diversitat. STOP LGTBIF\u00f2bia\u00bb, <\/strong>a Sant Adri\u00e0 es desenvoluparan accions i activitats per sensibilitzar sobre aquesta situaci\u00f3. Us hi esperem!<\/p>\n\n\n\n<p><strong>Dilluns, 17 de maig<\/strong><\/p>\n\n\n\n<p><strong>De 9 a 13 h&nbsp; i de 15 a 19 h Fotoreclam \u00abAbracem la diversitat. STOP LGTBIF\u00f2bia\u00bb<\/strong><\/p>\n\n\n\n<p>Vine al CIOD i participa-hi! Et regalaran una mascareta amb els colors per la diversitat.<\/p>\n\n\n\n<p><strong>Presentaci\u00f3 de l&#8217;acci\u00f3 Bancs per la diversitat a lnstagram<\/strong><\/p>\n\n\n\n<p>Fes-te una foto on trobis els <strong>\u00abbancs per la diversitat i la toler\u00e0ncia\u00bb<\/strong> (pintats amb els colors de l&#8217;arc de Sant Mart\u00ed) i penja-la a Instagram.<\/p>\n\n\n\n<p>Marca les cinc persones que vulguis a @cioddonessab, @polidorsab i @ccbesossab<\/p>\n\n\n\n<p>amb les etiquetes <strong>#LGTBIQ+, #AmbOrgullAlPolidor.<\/strong><\/p>\n\n\n\n<p><strong>Joc de la diversitat. <\/strong>Juga a la ruleta de la diversitat del Polidor. Tira a la ruleta i caur\u00e0s en una pregunta sobre la diversitat. Si l\u2019encertes, te\u2019n pots endur un premi! Al Centre de Producci\u00f3 Cultural i Juvenil Polidor.<\/p>\n\n\n\n<p><strong>Tallers de LGTBIQ+<\/strong><\/p>\n\n\n\n<p>Activitats diverses de prevenci\u00f3 de l&#8217;LGTBIf\u00f2bia als centres educatius de la ciutat.<\/p>\n\n\n\n<p><strong>Presentaci\u00f3 de les maletes per la diversitat<\/strong><\/p>\n\n\n\n<p>Recull de contes i llibres sobre la tem\u00e0tica de l&#8217;LGTBIQ+ per als centres educatius. Demana-les al CIOD.<\/p>\n\n\n\n<p><strong>Presentaci\u00f3 del fons documental amb tem\u00e0tica LGTBIQ+<\/strong><\/p>\n\n\n\n<p>Creaci\u00f3 d&#8217;un fons documental per a les biblioteques municipals. Consulta i pr\u00e9stec a la Biblioteca Ricard i a la Biblioteca Font de la Mina.<\/p>\n\n\n\n<p><strong>Divendres, 21 de maig<\/strong><\/p>\n\n\n\n<p><strong>18 h Taller de la diversitat LGTBI \u201cAmb orgull al Polidor\u201d *<\/strong><\/p>\n\n\n\n<p>Un espai per compartir experi\u00e8ncies sobre diversitat LGTBI i per parlar sobre els mites del col\u00b7lectiu (estigmes, prejudicis, estereotips&#8230;).<\/p>\n\n\n\n<p>Inscripcions obertes per WhatsApp al 662 55 46 88.<\/p>\n\n\n\n<p><strong>18 h Columna per la diversitat *<\/strong><\/p>\n\n\n\n<p>Pintada de la columna per la diversitat i la igualtat al<strong> Polidor<\/strong><\/p>\n\n\n\n<p><strong>18 h Punt de trobada juvenil per la diversitat*<\/strong><\/p>\n\n\n\n<p>T&#8217;estem buscant! Vols formar part del nou grup de joves en favor de la diversitat i la igualtat LGTBI del Polidor? T&#8217;hi esperem el proper dia 21 de maig a les 18 h.<\/p>\n\n\n\n<p><strong>Del 17 al 21 de maig<\/strong><\/p>\n\n\n\n<p><strong>QUIZ LGTBI. <\/strong>Participa al joc de preguntes i respostes per la diversitat al nostre perfil d\u2019lnstagram (@polidorsab).<\/p>\n\n\n\n<p><strong>Del 17 de maig&nbsp; al 2 de juliol<\/strong><\/p>\n\n\n\n<p><strong>Exposici\u00f3 \u201cAmb orgull al Polidor\u201d. <\/strong>Mostra sobre diversitat i LGTBI. A l\u2018exterior del Centre Juvenil Polidor (passad\u00eds d\u2019acc\u00e9s de la Rambleta). #AmbOrgullAlPolidor<\/p>\n\n\n\n<p><strong>MASCARETES LGTBIQ+<\/strong><\/p>\n\n\n\n<p>Si participes en alguna de les activitats organitzades, et regalarem una mascareta.<\/p>\n\n\n\n<p>Llocs: CIOD, Centre Juvenil Polidor i Centre Cultural Bes\u00f2s.<\/p>\n\n\n\n<p>(Una mascareta per persona fins que s&#8217;acabin)<\/p>\n\n\n\n<p><strong>Per a m\u00e9s informaci\u00f3:<\/strong><\/p>\n\n\n\n<p><strong>Centre de Producci\u00f3 Cultural i Juvenil Polidor<\/strong><\/p>\n\n\n\n<p>Pla\u00e7a de Guillermo Vida\u00f1a i Haro, s\/n<\/p>\n\n\n\n<p>Tel. 934 627 446 \/ Whatsap 662 554 688<\/p>\n\n\n\n<p><a href=\"mailto:polidor@sant-adria.net\">polidor@sant-adria.net<\/a><\/p>\n\n\n\n<p><a href=\"http:\/\/www.sabjove.cat\/\">www.sabjove.cat<\/a><\/p>\n\n\n\n<p><a href=\"mailto:instagram@polidorsab\">@polidorsab<\/a><\/p>\n\n\n\n<p><strong>Centre Cultura Bes\u00f2s<\/strong><\/p>\n\n\n\n<p>Pla\u00e7a de Josep Tarradelles, s\/n<\/p>\n\n\n\n<p>Horari: de dilluns a divendres 9 a 13 h<\/p>\n\n\n\n<p>Whatsap 618 297 371<\/p>\n\n\n\n<p>ccbesos@sant-adria.net<\/p>\n\n\n\n<p>Xarces socials @ccbesossab<\/p>\n\n\n\n<p><strong>CIOD (Centre d&#8217;Informaci\u00f3 i Orientaci\u00f3 de la Dona)<\/strong><\/p>\n\n\n\n<p>C. de les Escoles, 10, baixos \u2013 Tel. 93 462 11 21<\/p>\n\n\n\n<p>infodonaciod@sant-adria.net<\/p>\n\n\n\n<p><a href=\"http:\/\/www.sant-adria.net\/sant-adria-per-temes\/igualtat\">www.sant-adria.net\/sant-adria-per-temes\/igualtat<\/a><\/p>\n\n\n\n<p><a href=\"http:\/\/www.facebook.com\/CIODdonessab\">www.facebook.com\/CIODdonessab<\/a><\/p>\n\n\n\n<p><a href=\"http:\/\/www.facebook.com\/tequierobien\">www.facebook.com\/tequierobien<\/a><\/p>\n\n\n\n<p>Instagram<\/p>\n\n\n\n<p>@cioddonessab<\/p>\n\n\n\n<p>@ciodtequierobien<\/p>\n\n\n\n<p><em>Recorda que les activitats que anunciem poden variar, per\u00f2 en poden sorgir d&#8217;altres que t&#8217;interessin (les anunciarem per les xarxes socials i a la p\u00e0gina web).<\/em><\/p>\n\n\n\n<p><strong>Organitza:<\/strong> Regidoria d&#8217;Igualtat, Regidoria de Joventut, Regidoria de Cultura, Centre Juvenil de Producci\u00f3 Cultural Polidor i CIOD (Centre d&#8217;informaci\u00f3 i Orientaci\u00f3 de la Dona), Centre Cultural Bes\u00f2s.<\/p>\n","protected":false},"excerpt":{"rendered":"<p>El Dia Internacional contra la Homof\u00f2bia i la Transf\u00f2bia se celebra el 17 de maig percommemorar que l&#8217;OMS va eliminar, el 1990, l&#8217;homosexualitat de la llista de malalties mentals. Aquest dia s&#8217;organitzen tot tipus d\u2019accions que serveixen per denunciar la discriminaci\u00f3 de les persones homosexuals, lesbianes, bisexuals i transsexuals per fer avan\u00e7ar els seus drets [&hellip;]<\/p>\n","protected":false},"author":2,"featured_media":2944,"comment_status":"open","ping_status":"open","sticky":false,"template":"","format":"standard","meta":{"footnotes":""},"categories":[134],"tags":[],"class_list":{"0":"post-2943","1":"post","2":"type-post","3":"status-publish","4":"format-standard","5":"has-post-thumbnail","7":"category-actualitat"},"_links":{"self":[{"href":"https:\/\/www.areabesos.com\/diario\/wp-json\/wp\/v2\/posts\/2943","targetHints":{"allow":["GET"]}}],"collection":[{"href":"https:\/\/www.areabesos.com\/diario\/wp-json\/wp\/v2\/posts"}],"about":[{"href":"https:\/\/www.areabesos.com\/diario\/wp-json\/wp\/v2\/types\/post"}],"author":[{"embeddable":true,"href":"https:\/\/www.areabesos.com\/diario\/wp-json\/wp\/v2\/users\/2"}],"replies":[{"embeddable":true,"href":"https:\/\/www.areabesos.com\/diario\/wp-json\/wp\/v2\/comments?post=2943"}],"version-history":[{"count":1,"href":"https:\/\/www.areabesos.com\/diario\/wp-json\/wp\/v2\/posts\/2943\/revisions"}],"predecessor-version":[{"id":2945,"href":"https:\/\/www.areabesos.com\/diario\/wp-json\/wp\/v2\/posts\/2943\/revisions\/2945"}],"wp:featuredmedia":[{"embeddable":true,"href":"https:\/\/www.areabesos.com\/diario\/wp-json\/wp\/v2\/media\/2944"}],"wp:attachment":[{"href":"https:\/\/www.areabesos.com\/diario\/wp-json\/wp\/v2\/media?parent=2943"}],"wp:term":[{"taxonomy":"category","embeddable":true,"href":"https:\/\/www.areabesos.com\/diario\/wp-json\/wp\/v2\/categories?post=2943"},{"taxonomy":"post_tag","embeddable":true,"href":"https:\/\/www.areabesos.com\/diario\/wp-json\/wp\/v2\/tags?post=2943"}],"curies":[{"name":"wp","href":"https:\/\/api.w.org\/{rel}","templated":true}]}}