{"id":2939,"date":"2021-05-12T13:45:31","date_gmt":"2021-05-12T11:45:31","guid":{"rendered":"http:\/\/www.areabesos.com\/diario\/?p=2939"},"modified":"2021-05-12T13:45:34","modified_gmt":"2021-05-12T11:45:34","slug":"invisibles-i-ocultes-exposicio-temporal-que-rescata-de-loblit-24-dones-cientifiques-de-tots-els-temps-i-tots-els-continents","status":"publish","type":"post","link":"https:\/\/www.areabesos.com\/diario\/invisibles-i-ocultes-exposicio-temporal-que-rescata-de-loblit-24-dones-cientifiques-de-tots-els-temps-i-tots-els-continents\/","title":{"rendered":"(In)Visibles i (O)Cultes, exposici\u00f3 temporal que rescata de l\u2019oblit 24 dones cient\u00edfiques de tots els temps i tots els continents"},"content":{"rendered":"\n<p>(In)Visibles i (O)Cultes \u00e9s una exposici\u00f3 temporal que posa el focus sobre 24 dones cient\u00edfiques que, des de l\u2019Antic Egipte fins a la Gran Bretanya del segle XXI, han estat, per ra\u00f3 de g\u00e8nere, silenciades, relegades o directament esborrades la hist\u00f2ria de la ci\u00e8ncia. L\u2019exposici\u00f3 produ\u00efda pel <strong>Museu de Ci\u00e8ncies Naturals de Barcelona<\/strong> i comissariada per Mireia Alcaine es podr\u00e0 veure a l\u2019espai d\u2019exposicions gratu\u00eftes Ci\u00e8nciaim\u00e9s fins al maig del 2022.<\/p>\n\n\n\n<p>La primera metgessa de la hist\u00f2ria, <strong>Peseshet <\/strong>(Egipte, 2.400 aC), l\u2019astr\u00f2noma <strong>Aglaonice <\/strong>(Gr\u00e8cia, 200 aC) o la bot\u00e0nica, <strong>Blanca Catalana de Oc\u00f3n <\/strong>( Espanya, 1860-1904), entre moltes d\u2019altres, han hagut \u00a0d\u2019esperar molts anys o segles per recuperar la veu gr\u00e0cies a un revisionisme hist\u00f2ric amb perspectiva de g\u00e8nere \u00a0que es va iniciar a la segona meitat del segle XX i que ha agafat un impuls imparable al segle XXI. \u00a0<\/p>\n\n\n\n<div><a href=\"https:\/\/www.areabesos.com\/diario\/wp-content\/uploads\/2021\/05\/Invisibles01.jpg\" class=\"td-modal-image\"><figure class=\"wp-block-image size-large\"><img loading=\"lazy\" decoding=\"async\" width=\"900\" height=\"900\" src=\"https:\/\/www.areabesos.com\/diario\/wp-content\/uploads\/2021\/05\/Invisibles01.jpg\" alt=\"\" class=\"wp-image-2940\" srcset=\"https:\/\/www.areabesos.com\/diario\/wp-content\/uploads\/2021\/05\/Invisibles01.jpg 900w, https:\/\/www.areabesos.com\/diario\/wp-content\/uploads\/2021\/05\/Invisibles01-300x300.jpg 300w, https:\/\/www.areabesos.com\/diario\/wp-content\/uploads\/2021\/05\/Invisibles01-150x150.jpg 150w, https:\/\/www.areabesos.com\/diario\/wp-content\/uploads\/2021\/05\/Invisibles01-768x768.jpg 768w, https:\/\/www.areabesos.com\/diario\/wp-content\/uploads\/2021\/05\/Invisibles01-696x696.jpg 696w\" sizes=\"auto, (max-width: 900px) 100vw, 900px\" \/><\/figure><\/a><\/div>\n\n\n\n<p>Per lluitar contra aquesta discriminaci\u00f3, el 2016 es va instaurar <strong>El Dia Internacional de les Dones i les Nenes en la Ci\u00e8ncia (11 de febrer)<\/strong> per tal de commemorar i recon\u00e8ixer la traject\u00f2ria de totes aquelles dones que han contribu\u00eft a l\u2019aven\u00e7 de la ci\u00e8ncia i la tecnologia.<\/p>\n\n\n\n<p>Per q\u00fcestions d\u2019espai, aquesta exposici\u00f3 no ha pogut donar veu a totes aquelles dones cient\u00edfiques ocultes, &nbsp;n\u2019hi ha moltes m\u00e9s. Cal cercar-les, recon\u00e8ixer-les, anomenar-les&nbsp; i posar-les en el lloc que els correspon en la hist\u00f2ria de la ci\u00e8ncia. &nbsp;&nbsp;<\/p>\n\n\n\n<p>(In)Visibles i (O)Cultes &nbsp;\u00e9s la tercera de les deu sorpreses que el Museu ha preparat per celebrar el des\u00e8 aniversari de l\u2019arribada del Museu de Ci\u00e8ncies Naturals al parc del F\u00f2rum. La primera sorpresa&nbsp; va ser l\u2019entrada gratu\u00efta els dies 10 de cada mes fins a final d\u2019any i la segona,&nbsp; l\u2019ampliaci\u00f3 de l\u2019exposici\u00f3 permanent amb una r\u00e8plica del gabinet de curiositats de la familia Salvador, un tresor del patrimoni cient\u00edfic de Barcelona.<\/p>\n","protected":false},"excerpt":{"rendered":"<p>(In)Visibles i (O)Cultes \u00e9s una exposici\u00f3 temporal que posa el focus sobre 24 dones cient\u00edfiques que, des de l\u2019Antic Egipte fins a la Gran Bretanya del segle XXI, han estat, per ra\u00f3 de g\u00e8nere, silenciades, relegades o directament esborrades la hist\u00f2ria de la ci\u00e8ncia. L\u2019exposici\u00f3 produ\u00efda pel Museu de Ci\u00e8ncies Naturals de Barcelona i comissariada [&hellip;]<\/p>\n","protected":false},"author":2,"featured_media":2941,"comment_status":"open","ping_status":"open","sticky":false,"template":"","format":"standard","meta":{"footnotes":""},"categories":[134],"tags":[],"class_list":{"0":"post-2939","1":"post","2":"type-post","3":"status-publish","4":"format-standard","5":"has-post-thumbnail","7":"category-actualitat"},"_links":{"self":[{"href":"https:\/\/www.areabesos.com\/diario\/wp-json\/wp\/v2\/posts\/2939","targetHints":{"allow":["GET"]}}],"collection":[{"href":"https:\/\/www.areabesos.com\/diario\/wp-json\/wp\/v2\/posts"}],"about":[{"href":"https:\/\/www.areabesos.com\/diario\/wp-json\/wp\/v2\/types\/post"}],"author":[{"embeddable":true,"href":"https:\/\/www.areabesos.com\/diario\/wp-json\/wp\/v2\/users\/2"}],"replies":[{"embeddable":true,"href":"https:\/\/www.areabesos.com\/diario\/wp-json\/wp\/v2\/comments?post=2939"}],"version-history":[{"count":1,"href":"https:\/\/www.areabesos.com\/diario\/wp-json\/wp\/v2\/posts\/2939\/revisions"}],"predecessor-version":[{"id":2942,"href":"https:\/\/www.areabesos.com\/diario\/wp-json\/wp\/v2\/posts\/2939\/revisions\/2942"}],"wp:featuredmedia":[{"embeddable":true,"href":"https:\/\/www.areabesos.com\/diario\/wp-json\/wp\/v2\/media\/2941"}],"wp:attachment":[{"href":"https:\/\/www.areabesos.com\/diario\/wp-json\/wp\/v2\/media?parent=2939"}],"wp:term":[{"taxonomy":"category","embeddable":true,"href":"https:\/\/www.areabesos.com\/diario\/wp-json\/wp\/v2\/categories?post=2939"},{"taxonomy":"post_tag","embeddable":true,"href":"https:\/\/www.areabesos.com\/diario\/wp-json\/wp\/v2\/tags?post=2939"}],"curies":[{"name":"wp","href":"https:\/\/api.w.org\/{rel}","templated":true}]}}