{"id":2927,"date":"2021-05-11T10:19:02","date_gmt":"2021-05-11T08:19:02","guid":{"rendered":"http:\/\/www.areabesos.com\/diario\/?p=2927"},"modified":"2021-05-11T10:19:05","modified_gmt":"2021-05-11T08:19:05","slug":"facana-en-blau-pel-dia-mundial-de-la-fibromialgia-i-la-sindrome-de-fatiga-cronica","status":"publish","type":"post","link":"https:\/\/www.areabesos.com\/diario\/facana-en-blau-pel-dia-mundial-de-la-fibromialgia-i-la-sindrome-de-fatiga-cronica\/","title":{"rendered":"Fa\u00e7ana en blau pel Dia Mundial de la Fibromi\u00e0lgia i la S\u00edndrome de Fatiga Cr\u00f2nica"},"content":{"rendered":"\n<p>Dem\u00e0 12 de maig l\u2019Ajuntament il\u00b7luminar\u00e0 de blau la fa\u00e7ana com a gest per visibilitzar la Fibromi\u00e0lgia i la S\u00edndrome de Fatiga Cr\u00f2nica i en suport a les persones afectades per aquestes malalties i d\u2019altres s\u00edndromes de sensibilitzaci\u00f3 central.<\/p>\n\n\n\n<p>Els objectius del Dia Mundial de la Fibromi\u00e0lgia i la S\u00edndrome de Fatiga Cr\u00f2nica s\u00f3n donar a con\u00e8ixer l&#8217;exist\u00e8ncia d\u2019aquestes patologies, incidir en la necessitat d&#8217;investigar els factors de predisposici\u00f3 i de desencadenament, i destacar la import\u00e0ncia de fer-ne la detecci\u00f3 preco\u00e7.<\/p>\n\n\n\n<p>La data d&#8217;aquesta celebraci\u00f3 commemora el naixement de la infermera Florence Nightingale, que va patir una malaltia d&#8217;aquestes caracter\u00edstiques als 40 anys i va passar la resta de la seva vida al llit.<\/p>\n\n\n\n<p><strong>M\u00e9s informaci\u00f3:<\/strong> <strong><a href=\"http:\/\/www.fibromialgia.cat\/\" target=\"_blank\" rel=\"noreferrer noopener\">Associaci\u00f3 Catalana d&#8217;Afectades i Afectats de Fibromi\u00e0lgia i d&#8217;altres S\u00edndromes de Sensibilitzaci\u00f3 Central<\/a><\/strong><\/p>\n","protected":false},"excerpt":{"rendered":"<p>Dem\u00e0 12 de maig l\u2019Ajuntament il\u00b7luminar\u00e0 de blau la fa\u00e7ana com a gest per visibilitzar la Fibromi\u00e0lgia i la S\u00edndrome de Fatiga Cr\u00f2nica i en suport a les persones afectades per aquestes malalties i d\u2019altres s\u00edndromes de sensibilitzaci\u00f3 central. Els objectius del Dia Mundial de la Fibromi\u00e0lgia i la S\u00edndrome de Fatiga Cr\u00f2nica s\u00f3n donar [&hellip;]<\/p>\n","protected":false},"author":2,"featured_media":2928,"comment_status":"open","ping_status":"open","sticky":false,"template":"","format":"standard","meta":{"footnotes":""},"categories":[134],"tags":[],"class_list":{"0":"post-2927","1":"post","2":"type-post","3":"status-publish","4":"format-standard","5":"has-post-thumbnail","7":"category-actualitat"},"_links":{"self":[{"href":"https:\/\/www.areabesos.com\/diario\/wp-json\/wp\/v2\/posts\/2927","targetHints":{"allow":["GET"]}}],"collection":[{"href":"https:\/\/www.areabesos.com\/diario\/wp-json\/wp\/v2\/posts"}],"about":[{"href":"https:\/\/www.areabesos.com\/diario\/wp-json\/wp\/v2\/types\/post"}],"author":[{"embeddable":true,"href":"https:\/\/www.areabesos.com\/diario\/wp-json\/wp\/v2\/users\/2"}],"replies":[{"embeddable":true,"href":"https:\/\/www.areabesos.com\/diario\/wp-json\/wp\/v2\/comments?post=2927"}],"version-history":[{"count":1,"href":"https:\/\/www.areabesos.com\/diario\/wp-json\/wp\/v2\/posts\/2927\/revisions"}],"predecessor-version":[{"id":2929,"href":"https:\/\/www.areabesos.com\/diario\/wp-json\/wp\/v2\/posts\/2927\/revisions\/2929"}],"wp:featuredmedia":[{"embeddable":true,"href":"https:\/\/www.areabesos.com\/diario\/wp-json\/wp\/v2\/media\/2928"}],"wp:attachment":[{"href":"https:\/\/www.areabesos.com\/diario\/wp-json\/wp\/v2\/media?parent=2927"}],"wp:term":[{"taxonomy":"category","embeddable":true,"href":"https:\/\/www.areabesos.com\/diario\/wp-json\/wp\/v2\/categories?post=2927"},{"taxonomy":"post_tag","embeddable":true,"href":"https:\/\/www.areabesos.com\/diario\/wp-json\/wp\/v2\/tags?post=2927"}],"curies":[{"name":"wp","href":"https:\/\/api.w.org\/{rel}","templated":true}]}}