{"id":2924,"date":"2021-05-11T10:13:42","date_gmt":"2021-05-11T08:13:42","guid":{"rendered":"http:\/\/www.areabesos.com\/diario\/?p=2924"},"modified":"2021-05-11T10:13:45","modified_gmt":"2021-05-11T08:13:45","slug":"gonzo-no-se-atrevio-con-diaz-ayuso-en-salvados","status":"publish","type":"post","link":"https:\/\/www.areabesos.com\/diario\/gonzo-no-se-atrevio-con-diaz-ayuso-en-salvados\/","title":{"rendered":"Gonzo no se atrevi\u00f3 con D\u00edaz Ayuso en Salvados"},"content":{"rendered":"\n<p>Quiz\u00e1s nunca sepamos si la poco audaz entrevista realizada por Gonzo a Isabel D\u00edaz Ayuso durante la campa\u00f1a electoral, emitida el 9 de mayo en \u201cSalvados\u201d, fue el resultado de las condiciones impuestas por la presidenta o, quiz\u00e1s peor, de la autocensura libremente asumida por el periodista.<\/p>\n\n\n\n<p>Esperaremos imaginando que nosotros somos \u00e9l para hacer las preguntas que no le ha hecho a ella, pero no aventuraremos las respuestas, pues solo suyas son sus ocurrencias.<\/p>\n\n\n\n<p>Como tampoco sabemos las fechas precisas en que se realiz\u00f3 la entrevista, elegiremos para esta virtual un d\u00eda de la semana pasada, siempre despu\u00e9s del 4 de mayo. As\u00ed, ella, triunfadora, estar\u00e1 relajada y quiz\u00e1s decida no solo responder, sino tambi\u00e9n pensar las respuestas.<\/p>\n\n\n\n<p><strong>Sobre los contagios y las muertes por la pandemia<\/strong>.<\/p>\n\n\n\n<p>A ver, presidenta, hasta el 3 de mayo los datos de Sanidad demuestran que en Madrid se han producido m\u00e1s contagios por Covid que en cualquier otra de las 16 Comunidades Aut\u00f3nomas, tanto en n\u00fameros absolutos como por habitante, un 30% m\u00e1s que la media estatal.<\/p>\n\n\n\n<p>\u00bfCree usted que este exceso de contagios tiene algo que ver con las decisiones tomadas por su gobierno sobre la actividad en bares y restaurantes, distintas a las de otras Comunidades, m\u00e1s en sinton\u00eda con el gobierno de S\u00e1nchez?<\/p>\n\n\n\n<p>Otra verdad. Con la mortalidad por Covid ha ocurrido algo parecido, con el agravante, en este caso, de que Madrid es la C.A. que presenta unos datos m\u00e1s distantes en relaci\u00f3n con los de las muertes esperadas, seg\u00fan el INE.<\/p>\n\n\n\n<p>\u00bfConsidera usted posible que haya madrile\u00f1os que piensen que D\u00edaz Ayuso sabe que los muertos no votan, y por eso no le importan los muertos?<\/p>\n\n\n\n<p>Disculpe presidenta, no esquive la pregunta, se la expondr\u00e9 con otras palabras.<\/p>\n\n\n\n<p>Imagine que usted es una madrile\u00f1a m\u00e1s y que su marido ha muerto de Covid por haber mantenido un contacto estrecho en un bar que en Valladolid estar\u00eda cerrado.<\/p>\n\n\n\n<p>\u00bfQu\u00e9 pensamiento ser\u00eda el primero que, a usted como persona, le vendr\u00eda a la cabeza?<\/p>\n\n\n\n<p>Que D\u00edaz Ayuso sabe que los muertos no votan, y por eso gobierna as\u00ed.<\/p>\n\n\n\n<p>Que gracias a D\u00edaz Ayuso yo he conseguido salvarme, y sigo viva.<\/p>\n\n\n\n<p><strong>Sobre la econom\u00eda y la pandemia<\/strong>.<\/p>\n\n\n\n<p>Es muy probable que el PIB de la C.A. de Madrid caiga mucho menos que los del resto de CC.AA. o incluso casi nada, pues ha priorizado la econom\u00eda.<\/p>\n\n\n\n<p>En este caso, \u00bfcree usted que la C.A. de Madrid deber\u00eda entrar en el reparto de los 140.000 millones de ayudas procedentes de la U.E., que tambi\u00e9n deben compensar las consecuencias econ\u00f3micas de la pandemia?<\/p>\n\n\n\n<p>Y si usted fuera la presidenta de Illes Balears, cuya econom\u00eda ha ca\u00eddo mucho m\u00e1s por su dependencia del turismo, consiguiendo a cambio muchos menos contagios y muertos que la mayor\u00eda de CC.AA., \u00bfestar\u00eda usted de acuerdo con que Madrid recibiera una parte de esos 140.000 millones, que indudablemente se le restar\u00e1n a la Comunidad donde usted estar\u00eda gobernando?<\/p>\n\n\n\n<p><strong>Sobre el fascismo de D\u00edaz Ayuso con Ana Rosa Quintana<\/strong>.<\/p>\n\n\n\n<p>En este caso le mostramos a la presidenta un corte de la entrevista que mantuvo con Ana Rosa Quintana el 15 de marzo, a los pocos d\u00edas de disuelta la Asamblea de Madrid y convocadas las elecciones.<\/p>\n\n\n\n<p>Fue el momento en el que ella respondi\u00f3 que \u201csi te llaman fascista es que lo est\u00e1s haciendo bien\u201d.<\/p>\n\n\n\n<p>Presidenta, \u00bfinsinu\u00f3 usted a Ana Rosa, antes de la entrevista, algo para conseguir una pregunta a la que usted pudiera dar esa respuesta?<\/p>\n\n\n\n<p>Antes de responder, recuerde que conocemos la verdad y que, en cualquier caso, aquello sorprendi\u00f3 mucho, pues a usted la estaban llamando muchas m\u00e1s veces \u201ctrumpista\u201d que \u201cfascista\u201d, por sus actitudes similares frente a la pandemia.<\/p>\n\n\n\n<p>Pero, en cualquier caso, \u00bfsabe usted quien fue Ascensi\u00f3n Mendieta?<\/p>\n\n\n\n<p>Entonces aprovechamos para explicarle a D\u00edaz Ayuso lo que fue el franquismo, esa versi\u00f3n espa\u00f1ola del fascismo que, tras imponerse en la guerra civil que provoc\u00f3, gobern\u00f3 de manera dictatorial durante casi cuatro d\u00e9cadas.<\/p>\n\n\n\n<p>\u00bfNo cree que fue usted, presidenta, quien meti\u00f3 el fascismo en la campa\u00f1a electoral?<\/p>\n\n\n\n<p>\u00bfHabr\u00eda dicho el alcalde eso de \u201cseremos fascistas, pero\u2026\u201d si usted no hubiera dicho aquello tan comprensivo con el fascismo el 15 de marzo?<\/p>\n\n\n\n<p>\u00bfCondena usted todo el franquismo sin paliativos, se\u00f1ora presidenta?<\/p>\n\n\n\n<p>\u00bfDesea usted pedir perd\u00f3n a todas las personas que pueden haberse ofendido con sus palabras?<\/p>\n\n\n\n<p>Intentando que responda a estas cuatro preguntas terminaremos la entrevista.<\/p>\n\n\n\n<p><strong>Tres colaterales<\/strong>.<\/p>\n\n\n\n<p>Manuel Jabois acaba de firmar un reportaje titulado \u201cPor qu\u00e9 vot\u00e9 a Ayuso\u201d. Nos cuenta que ha recorrido algunos barrios de la capital para recoger opiniones por la calle, la mayor\u00eda de votantes de D\u00edaz Ayuso.<\/p>\n\n\n\n<p>Pero llega al bar \u201cLa Prensa\u201d, de Carabanchel, y Antonio Gil, su responsable, le dice que \u00e9l no ha cambiado de voto, esta vez tambi\u00e9n a la izquierda. Pero muchos de sus clientes s\u00ed. \u201cHan \u2018comprado\u2019 que solo con el PP puede haber libertad\u201d, para a\u00f1adir, \u201cpero al menos 20 personas que ven\u00edan a este bar de vez en cuando han muerto durante la pandemia, \u00bfmerec\u00eda la pena el peaje?\u201d, se termina preguntando. El profesor Juan Irigoyen parece como si respondiera: \u201ctanto la econom\u00eda como la vida son dos fuerzas gigantescas que iban a revivir tras el confinamiento\u201d, mientras recuerda aquella canci\u00f3n de Los Sirex, \u201cQue se mueran los feos, que no quede ninguno\u201d.<\/p>\n\n\n\n<p>Lorenzo Silva hablando sobre su libro. La letra grande de la entrevista, la elegida para el t\u00edtulo, dice lo siguiente: \u201cEspero que quienes han ganado en Madrid no se comporten con quienes han perdido como si fueran el enemigo\u201d.<\/p>\n\n\n\n<p>\u201cEnemigo\u201d es un t\u00e9rmino de guerra. Se han cumplido 82 a\u00f1os desde que termin\u00f3 aquella, pero parece mentira. De lo contrario, Lorenzo Silva no podr\u00eda ni imaginar que los vencedores en unas urnas, PP y Vox, pudieran adoptar ese comportamiento con los derrotados. Pero s\u00ed le cabe la posibilidad. Solo \u201cespera\u201d que no se produzca.<\/p>\n\n\n\n<p>El 29 de abril pasado Emilio Lubr\u00edn eligi\u00f3 la palabra \u201cDesprecio\u201d para titular su columna de opini\u00f3n en el \u00daltima Hora de Mallorca. Termin\u00f3 con la siguiente frase: \u201cEstos neofascistas solo merecen el desprecio de ignorarlos.<\/p>\n\n\n\n<p>Es el debate que hay en este momento entre miles de dem\u00f3cratas. Hacer frente a los fascistas, dentro de la ley, por supuesto, o aplicar la sabidur\u00eda popular, aquella de que \u201cno hay m\u00e1s desprecio que no hacer aprecio\u201d.<\/p>\n\n\n\n<p>Dif\u00edcil dilema, porque la historia ha demostrado que los nazis y los fascistas llegaron a hacerse con el poder, bien de manera violenta o a trav\u00e9s de las urnas, porque la sociedad no identific\u00f3 las se\u00f1ales que anunciaban el riesgo.<\/p>\n\n\n\n<p>No se supo \u201chacer aprecio\u201d. Quiz\u00e1s alguien deber\u00eda explicar c\u00f3mo y cu\u00e1ndo hay que aplicar cada refr\u00e1n.<\/p>\n\n\n\n<p>Y, para que las se\u00f1ales del peligro fascista afloren y la sociedad pueda defenderse, el periodismo tiene ante s\u00ed un papel insustituible y decisivo. Gonzo no lo ha tenido en cuenta con D\u00edaz Ayuso.<\/p>\n\n\n\n<p>Yo comenzar\u00eda por llamar a las cosas por su nombre. En Espa\u00f1a se llam\u00f3 \u201cfranquismo\u201d y fue, sin duda, el m\u00e1s cruel con su propio pueblo de todos los fascismos.<\/p>\n\n\n\n<p>Por mucho que les duela a muchos de los que convierten en odio del presente el oscuro pasado que les concierne.<\/p>\n\n\n\n<p><span style=\"background-color:#01080b\" class=\"td_text_highlight_marker\">Domingo Sanz<\/span><\/p>\n","protected":false},"excerpt":{"rendered":"<p>Quiz\u00e1s nunca sepamos si la poco audaz entrevista realizada por Gonzo a Isabel D\u00edaz Ayuso durante la campa\u00f1a electoral, emitida el 9 de mayo en \u201cSalvados\u201d, fue el resultado de las condiciones impuestas por la presidenta o, quiz\u00e1s peor, de la autocensura libremente asumida por el periodista. Esperaremos imaginando que nosotros somos \u00e9l para hacer [&hellip;]<\/p>\n","protected":false},"author":2,"featured_media":2925,"comment_status":"open","ping_status":"open","sticky":false,"template":"","format":"standard","meta":{"footnotes":""},"categories":[139],"tags":[],"class_list":{"0":"post-2924","1":"post","2":"type-post","3":"status-publish","4":"format-standard","5":"has-post-thumbnail","7":"category-opinio"},"_links":{"self":[{"href":"https:\/\/www.areabesos.com\/diario\/wp-json\/wp\/v2\/posts\/2924","targetHints":{"allow":["GET"]}}],"collection":[{"href":"https:\/\/www.areabesos.com\/diario\/wp-json\/wp\/v2\/posts"}],"about":[{"href":"https:\/\/www.areabesos.com\/diario\/wp-json\/wp\/v2\/types\/post"}],"author":[{"embeddable":true,"href":"https:\/\/www.areabesos.com\/diario\/wp-json\/wp\/v2\/users\/2"}],"replies":[{"embeddable":true,"href":"https:\/\/www.areabesos.com\/diario\/wp-json\/wp\/v2\/comments?post=2924"}],"version-history":[{"count":1,"href":"https:\/\/www.areabesos.com\/diario\/wp-json\/wp\/v2\/posts\/2924\/revisions"}],"predecessor-version":[{"id":2926,"href":"https:\/\/www.areabesos.com\/diario\/wp-json\/wp\/v2\/posts\/2924\/revisions\/2926"}],"wp:featuredmedia":[{"embeddable":true,"href":"https:\/\/www.areabesos.com\/diario\/wp-json\/wp\/v2\/media\/2925"}],"wp:attachment":[{"href":"https:\/\/www.areabesos.com\/diario\/wp-json\/wp\/v2\/media?parent=2924"}],"wp:term":[{"taxonomy":"category","embeddable":true,"href":"https:\/\/www.areabesos.com\/diario\/wp-json\/wp\/v2\/categories?post=2924"},{"taxonomy":"post_tag","embeddable":true,"href":"https:\/\/www.areabesos.com\/diario\/wp-json\/wp\/v2\/tags?post=2924"}],"curies":[{"name":"wp","href":"https:\/\/api.w.org\/{rel}","templated":true}]}}