{"id":2921,"date":"2021-05-10T11:38:43","date_gmt":"2021-05-10T09:38:43","guid":{"rendered":"http:\/\/www.areabesos.com\/diario\/?p=2921"},"modified":"2021-05-10T11:38:45","modified_gmt":"2021-05-10T09:38:45","slug":"hola-gonzo-has-preguntado-a-ayuso-por-el-fascismo","status":"publish","type":"post","link":"https:\/\/www.areabesos.com\/diario\/hola-gonzo-has-preguntado-a-ayuso-por-el-fascismo\/","title":{"rendered":"Hola Gonzo, \u00bfhas preguntado a Ayuso por el fascismo?"},"content":{"rendered":"\n<p>Lo sabremos gracias al \u201cSalvados\u201d de ma\u00f1ana, domingo y 9 de mayo.<\/p>\n\n\n\n<p>Si no le hubieras hecho esa pregunta ser\u00eda decepcionante, profesionalmente hablando, y sin posibilidad de arreglarlo.<\/p>\n\n\n\n<p>Te lo pregunto tambi\u00e9n porque los medios, del anticipo que de la entrevista hiciste en La Sexta, solo hablan de lo de la factura del hotel de Sarasola, asunto al que Ayuso no contest\u00f3 durante la campa\u00f1a, y en cambio ahora s\u00ed.<\/p>\n\n\n\n<p>Pero, sobre todo, te lo pregunto porque estoy convencido que la respuesta que D\u00edaz Ayuso le dio a Ana Rosa Quintana el 15 de marzo, aquella de que \u201csi te llaman fascista es que lo est\u00e1s haciendo bien\u201d, es la m\u00e1s grave normalizaci\u00f3n del fascismo en la vida pol\u00edtica espa\u00f1ola desde siempre, incluidas las campa\u00f1as electorales durante la Segunda Rep\u00fablica.<\/p>\n\n\n\n<p>Es la m\u00e1s grave porque nunca habl\u00f3 del fascismo de esa manera tan normal ning\u00fan l\u00edder que haya triunfado en unas elecciones importantes.<\/p>\n\n\n\n<p>Es la m\u00e1s grave porque aquella declaraci\u00f3n no fue acompa\u00f1ada de ninguna condena al fascismo como sistema pol\u00edtico, sobre cuyos cr\u00edmenes estoy seguro, Gonzo, que no necesitas recibir informaci\u00f3n.<\/p>\n\n\n\n<p>Es la m\u00e1s grave normalizaci\u00f3n porque en Espa\u00f1a ni se han sacado a\u00fan de las cunetas y otras fosas las decenas de cad\u00e1veres que a\u00fan permanecen. Ni se han expropiado los bienes que el fascismo entreg\u00f3 a los suyos, rob\u00e1ndolos a punta de pistola a sus leg\u00edtimos propietarios. Ni se han arreglado tantos cr\u00edmenes como los que cometieron los gobiernos de la dictadura, y que a\u00fan tenemos pendientes.<\/p>\n\n\n\n<p>\u00bfLe has preguntado por todo eso a D\u00edaz Ayuso? \u00bfLe has dado un cursillo acelerado de fascismo durante la entrevista?<\/p>\n\n\n\n<p>Si le hiciste la pregunta maldita podremos saber tambi\u00e9n lo que te habr\u00e1 contestado ella y, si ante lo habitual de los pol\u00edticos que consiste en esquivar, has contraatacado, con educaci\u00f3n, pero sin piedad, hasta conseguir una respuesta de verdad.<\/p>\n\n\n\n<p>Porque, adem\u00e1s, Gonzo, sigo estando sorprendido.<\/p>\n\n\n\n<p>\u00bfHab\u00eda tanta gente llamando fascista a D\u00edaz Ayuso como para que ella colocara esa cu\u00f1a en hora de m\u00e1xima audiencia y a los tres d\u00edas de convocadas las elecciones, es decir, marcando a fuego la campa\u00f1a?<\/p>\n\n\n\n<p>Yo, Gonzo, lo que si escuchaba era a muchas personas, algunas incluso de derechas, pero informadas y educadas, diciendo que D\u00edaz Ayuso era, probablemente, el caso m\u00e1s claro de \u201ctrumpismo\u201d en Espa\u00f1a.<\/p>\n\n\n\n<p>\u00bfLe has preguntado si no hab\u00eda escuchado a nadie que le llamara \u201ctrumpista\u201d?<\/p>\n\n\n\n<p>Lo digo porque D\u00edaz Ayuso, a Ana Rosa, eligi\u00f3 decirle lo de fascista, y de la manera que se lo dijo. Y los periodistas deben preguntar a los pol\u00edticos lo que les sorprende de sus palabras y de su comportamiento. Y seguro que aquello te sorprendi\u00f3.<\/p>\n\n\n\n<p>\u00bfLe has preguntado si eligi\u00f3 \u201cfascista\u201d porque Donald Trump y sus violentos hab\u00edan fracasado en las elecciones reci\u00e9n celebradas, y ella, que se autodenomina \u201cpringada\u201d en la entrevista, no quer\u00eda aparecer vinculada a ese fracaso?<\/p>\n\n\n\n<p>\u00bfO es que D\u00edaz Ayuso considera que el fascismo espa\u00f1ol, al que llamaremos franquismo para que duela como tiene que doler, pues fue el peor y m\u00e1s largo de todos los fascismos, fue un periodo de nuestra historia menos desgraciado para los espa\u00f1oles de lo que lo ha sido el \u201ctrumpismo\u201d para los americanos de los Estados Unidos?<\/p>\n\n\n\n<p>El problema a\u00f1adido, Gonzo, y no s\u00e9 si tambi\u00e9n se lo has preguntado, o tampoco, es que el alcalde de Madrid, Mart\u00ednez Almeyda, decidi\u00f3 declarar, a dos d\u00edas de las urnas, lo de que \u201cseremos fascistas, pero sabemos gobernar\u201d, y a cientos de miles, quiz\u00e1s millones de personas y no solo de Madrid, porque Madrid no es Espa\u00f1a, no s\u00e9 si tambi\u00e9n le has pedido que te explique eso, les vino autom\u00e1ticamente a la cabeza la \u201cfascistada\u201d parlamentaria, es decir, del mismo tipo que las frases de D\u00edaz Ayuso y del alcalde, que Abascal le lanz\u00f3 a S\u00e1nchez, seguro que te acuerdas.<\/p>\n\n\n\n<p>Es cuando dijo aquello de \u201cse\u00f1or S\u00e1nchez, usted preside el peor gobierno de los \u00faltimos 80 a\u00f1os\u201d.<\/p>\n\n\n\n<p>Evidentemente porque Abascal, como Mart\u00ednez Almeyda, y tambi\u00e9n como D\u00edaz Ayuso mientras ella no condene las frases de ambos dos, y pida perd\u00f3n por su respuesta con Ana Rosa, prefieren cualquier gobierno fascista lleno de asesinos, que uno democr\u00e1tico con defectos, pero del que siempre podremos librarnos porque tiene los d\u00edas contados: 365 por 4 a\u00f1os como m\u00e1ximo.<\/p>\n\n\n\n<p>He le\u00eddo, Gonzo, que no es legal la Gran Cruz del Dos de Mayo concedida por D\u00edaz Ayuso a los 650.000 ni\u00f1os madrile\u00f1os dos d\u00edas antes de las elecciones, pues la ley no permite premiaciones colectivas.<\/p>\n\n\n\n<p>\u00bfSe lo has preguntado?<\/p>\n\n\n\n<p>Lo digo porque f\u00edjate el marr\u00f3n que hay en este momento.<\/p>\n\n\n\n<p>Cualquier partido pol\u00edtico que respete la ley, no el PP de la presidenta, deber\u00eda denunciar ante la Justicia esa decisi\u00f3n pol\u00edtica. Y si los tribunales aplican la ley, su letra y su esp\u00edritu, dejar\u00e1n a 650.000 ni\u00f1os sin esa Cruz.<\/p>\n\n\n\n<p>Pero se trata de ni\u00f1os y ni\u00f1as entre los que hay muchos cuyos padres son votantes del partido pol\u00edtico que habr\u00eda reclamado ante los jueces que se retirara la condecoraci\u00f3n. A sus hijos. Porque lo dice la ley.<\/p>\n\n\n\n<p>Pero, al mismo tiempo, si ning\u00fan partido decide acudir a los tribunales, muchos de sus votantes se sentir\u00e1n avergonzados y no volver\u00e1n a las urnas, pues podr\u00edan opinar, desde su libertad de opini\u00f3n, que D\u00edaz Ayuso es una fascista a quien, en caso de golpe de Estado para restaurar la monarqu\u00eda, por citar un recuerdo, no le temblar\u00eda la mano si tuviera que dar la orden de fusilar a algunos de esos ni\u00f1os que condecor\u00f3 en 2021 para ganar unas elecciones y que, con el tiempo, se hubieran hecho republicanos y, ganadas unas municipales, habr\u00edan conseguido que un tal Felipe VI saliera huyendo de Espa\u00f1a, tal como hicieron su padre y su bisabuelo.<\/p>\n\n\n\n<p>Habr\u00edan conseguido eso, pero no que renuncien a sus intenciones esos ex militares que quieren fusilar a 26 millones, y otros criminales mucho m\u00e1s peligrosos, de los que se ocultan entre nosotros. &nbsp;&nbsp;<\/p>\n\n\n\n<p>Esa condecoraci\u00f3n, Gonzo, es una manera de gobernar que sustituye la amenaza de muerte de las dictaduras por un chantaje de la peor especie contra el adversario pol\u00edtico, practicado desde las instituciones.<\/p>\n\n\n\n<p>Gonzo, voy terminando.<\/p>\n\n\n\n<p>Solo los periodistas que sois buenos profesionales y valientes, en uso de la libertad de prensa, ten\u00e9is la posibilidad de impedir que un fascismo de nuevo cu\u00f1o, compatible con urnas corrompidas por la financiaci\u00f3n ilegal y abusadas desde el poder, consiga triunfar e implantarse sin que lo parezca.<\/p>\n\n\n\n<p>Para evitar este peligro, y hasta que D\u00edaz Ayuso pida perd\u00f3n, el periodismo debe mantener vivo el aviso de grave peligro.<\/p>\n\n\n\n<p>Para ello, tiene que preguntar, cada hora de cada d\u00eda, lo que opinan sobre lo del \u201cfascismo y hacer las cosas bien\u201d de Ayuso a todos los pol\u00edticos, sean del partido que sean, y a todos los opinadores, sea cual sea su \u201csensibilidad\u201d m\u00e1s acentuada. E incluirlo en los debates.<\/p>\n\n\n\n<p>D\u00edaz Ayuso, la ganadora, lo dijo en la campa\u00f1a electoral y, aunque queramos olvidarnos, quedar\u00e1 para siempre grabado en alguno de esos lugares ocultos de nosotros mismos que no controlamos, pero que a los fascistas asesinos les servir\u00e1n para que no sepamos descubrir el momento ni la manera en que est\u00e1n regresando para dominarnos. \u00a0<\/p>\n\n\n\n<p><span style=\"background-color:#01090c\" class=\"td_text_highlight_marker\">Domingo Sanz<\/span><\/p>\n","protected":false},"excerpt":{"rendered":"<p>Lo sabremos gracias al \u201cSalvados\u201d de ma\u00f1ana, domingo y 9 de mayo. Si no le hubieras hecho esa pregunta ser\u00eda decepcionante, profesionalmente hablando, y sin posibilidad de arreglarlo. Te lo pregunto tambi\u00e9n porque los medios, del anticipo que de la entrevista hiciste en La Sexta, solo hablan de lo de la factura del hotel de [&hellip;]<\/p>\n","protected":false},"author":2,"featured_media":1542,"comment_status":"open","ping_status":"open","sticky":false,"template":"","format":"standard","meta":{"footnotes":""},"categories":[139],"tags":[],"class_list":{"0":"post-2921","1":"post","2":"type-post","3":"status-publish","4":"format-standard","5":"has-post-thumbnail","7":"category-opinio"},"_links":{"self":[{"href":"https:\/\/www.areabesos.com\/diario\/wp-json\/wp\/v2\/posts\/2921","targetHints":{"allow":["GET"]}}],"collection":[{"href":"https:\/\/www.areabesos.com\/diario\/wp-json\/wp\/v2\/posts"}],"about":[{"href":"https:\/\/www.areabesos.com\/diario\/wp-json\/wp\/v2\/types\/post"}],"author":[{"embeddable":true,"href":"https:\/\/www.areabesos.com\/diario\/wp-json\/wp\/v2\/users\/2"}],"replies":[{"embeddable":true,"href":"https:\/\/www.areabesos.com\/diario\/wp-json\/wp\/v2\/comments?post=2921"}],"version-history":[{"count":1,"href":"https:\/\/www.areabesos.com\/diario\/wp-json\/wp\/v2\/posts\/2921\/revisions"}],"predecessor-version":[{"id":2922,"href":"https:\/\/www.areabesos.com\/diario\/wp-json\/wp\/v2\/posts\/2921\/revisions\/2922"}],"wp:featuredmedia":[{"embeddable":true,"href":"https:\/\/www.areabesos.com\/diario\/wp-json\/wp\/v2\/media\/1542"}],"wp:attachment":[{"href":"https:\/\/www.areabesos.com\/diario\/wp-json\/wp\/v2\/media?parent=2921"}],"wp:term":[{"taxonomy":"category","embeddable":true,"href":"https:\/\/www.areabesos.com\/diario\/wp-json\/wp\/v2\/categories?post=2921"},{"taxonomy":"post_tag","embeddable":true,"href":"https:\/\/www.areabesos.com\/diario\/wp-json\/wp\/v2\/tags?post=2921"}],"curies":[{"name":"wp","href":"https:\/\/api.w.org\/{rel}","templated":true}]}}