{"id":2918,"date":"2021-05-07T13:08:45","date_gmt":"2021-05-07T11:08:45","guid":{"rendered":"http:\/\/www.areabesos.com\/diario\/?p=2918"},"modified":"2021-05-07T13:08:47","modified_gmt":"2021-05-07T11:08:47","slug":"fallece-la-presidenta-de-la-penya-barcelonista-de-sant-adria-de-besos","status":"publish","type":"post","link":"https:\/\/www.areabesos.com\/diario\/fallece-la-presidenta-de-la-penya-barcelonista-de-sant-adria-de-besos\/","title":{"rendered":"Fallece la presidenta de la Penya Barcelonista de Sant Adri\u00e0 de Bes\u00f2s"},"content":{"rendered":"\n<p>El pasado 5 de mayo fallec\u00eda Isabel Oltra i Vall\u00e8s, la presidenta de la Penya Barcelonista Sant Adri\u00e0 de Bes\u00f2s tras una larga enfermedad. La entidad es una de las m\u00e1s activas de la ciudad, con una gran cantidad de socios y socias. Descanse en paz.<\/p>\n\n\n\n<p><\/p>\n","protected":false},"excerpt":{"rendered":"<p>El pasado 5 de mayo fallec\u00eda Isabel Oltra i Vall\u00e8s, la presidenta de la Penya Barcelonista Sant Adri\u00e0 de Bes\u00f2s tras una larga enfermedad. La entidad es una de las m\u00e1s activas de la ciudad, con una gran cantidad de socios y socias. Descanse en paz.<\/p>\n","protected":false},"author":2,"featured_media":2919,"comment_status":"open","ping_status":"open","sticky":false,"template":"","format":"standard","meta":{"footnotes":""},"categories":[134],"tags":[],"class_list":{"0":"post-2918","1":"post","2":"type-post","3":"status-publish","4":"format-standard","5":"has-post-thumbnail","7":"category-actualitat"},"_links":{"self":[{"href":"https:\/\/www.areabesos.com\/diario\/wp-json\/wp\/v2\/posts\/2918","targetHints":{"allow":["GET"]}}],"collection":[{"href":"https:\/\/www.areabesos.com\/diario\/wp-json\/wp\/v2\/posts"}],"about":[{"href":"https:\/\/www.areabesos.com\/diario\/wp-json\/wp\/v2\/types\/post"}],"author":[{"embeddable":true,"href":"https:\/\/www.areabesos.com\/diario\/wp-json\/wp\/v2\/users\/2"}],"replies":[{"embeddable":true,"href":"https:\/\/www.areabesos.com\/diario\/wp-json\/wp\/v2\/comments?post=2918"}],"version-history":[{"count":1,"href":"https:\/\/www.areabesos.com\/diario\/wp-json\/wp\/v2\/posts\/2918\/revisions"}],"predecessor-version":[{"id":2920,"href":"https:\/\/www.areabesos.com\/diario\/wp-json\/wp\/v2\/posts\/2918\/revisions\/2920"}],"wp:featuredmedia":[{"embeddable":true,"href":"https:\/\/www.areabesos.com\/diario\/wp-json\/wp\/v2\/media\/2919"}],"wp:attachment":[{"href":"https:\/\/www.areabesos.com\/diario\/wp-json\/wp\/v2\/media?parent=2918"}],"wp:term":[{"taxonomy":"category","embeddable":true,"href":"https:\/\/www.areabesos.com\/diario\/wp-json\/wp\/v2\/categories?post=2918"},{"taxonomy":"post_tag","embeddable":true,"href":"https:\/\/www.areabesos.com\/diario\/wp-json\/wp\/v2\/tags?post=2918"}],"curies":[{"name":"wp","href":"https:\/\/api.w.org\/{rel}","templated":true}]}}