{"id":2915,"date":"2021-05-06T11:07:01","date_gmt":"2021-05-06T09:07:01","guid":{"rendered":"http:\/\/www.areabesos.com\/diario\/?p=2915"},"modified":"2021-05-06T11:07:04","modified_gmt":"2021-05-06T09:07:04","slug":"sant-adria-celebra-el-8-de-maig-dia-mundial-del-comerc-just","status":"publish","type":"post","link":"https:\/\/www.areabesos.com\/diario\/sant-adria-celebra-el-8-de-maig-dia-mundial-del-comerc-just\/","title":{"rendered":"Sant Adri\u00e0 celebra el 8 de maig, Dia Mundial del Comer\u00e7 Just"},"content":{"rendered":"\n<p>El 8 de maig es commemora el Dia Mundial del Comer\u00e7 Just. Com sempre, Sant Adri\u00e0 se suma a aquesta celebraci\u00f3, enguany marcada de nou per la situaci\u00f3 sanit\u00e0ria que estem travessant i amb propostes d\u2019activitats virtuals.<\/p>\n\n\n\n<p>Sota el lema \u201c<strong>I tu, qu\u00e8 tries? Aquest maig, passa\u2019t al comer\u00e7 just\u201d<\/strong>, la campanya d\u2019aquest any pret\u00e9n mostrar que apostar pel comer\u00e7 just continua sent essencial per revertir les injustes cadenes de subministrament nord-sud d\u2019\u00e0mbit global. Els consumidors i les consumidores tenim poder per transformar el m\u00f3n en qu\u00e8 vivim, reivindicar un consum m\u00e9s just que avanci cap a un model on l\u2019eix central sigui la vida dels pobles i la natura i on les relacions comercials siguin justes per a ambdues parts.<\/p>\n\n\n\n<p>La regidoria de Solidaritat i Cooperaci\u00f3 us anir\u00e0 informant sobre qu\u00e8 \u00e9s el comer\u00e7 just, productes i alternatives, al llarg de tot el mes a les xarxes socials. La programaci\u00f3 d\u2019activitats virtuals inclour\u00e0 un curtmetratge interactiu, una exposici\u00f3, tallers, contes o recomanacions de lectures i articles. Podreu veure tamb\u00e9 <strong>l\u2019exposici\u00f3<\/strong> <strong>Comer\u00e7 Just, Finances \u00c8tiques i Economia Social Solid\u00e0ria<\/strong> al mercat municipal fins al 31 de maig.<\/p>\n\n\n\n<p>Us informem aix\u00ed mateix que la <strong>Xarxa de Caf\u00e8 Ciutat<\/strong>, a la qual pertanyem per mitj\u00e0 del Caf\u00e8 Sant Adri\u00e0, est\u00e0 donant un nou impuls per promocionar el comer\u00e7 just, alhora que est\u00e0 treballant, amb un proc\u00e9s participatiu de la ciutadania, per canviar i escollir la imatge final.<\/p>\n","protected":false},"excerpt":{"rendered":"<p>El 8 de maig es commemora el Dia Mundial del Comer\u00e7 Just. Com sempre, Sant Adri\u00e0 se suma a aquesta celebraci\u00f3, enguany marcada de nou per la situaci\u00f3 sanit\u00e0ria que estem travessant i amb propostes d\u2019activitats virtuals. Sota el lema \u201cI tu, qu\u00e8 tries? Aquest maig, passa\u2019t al comer\u00e7 just\u201d, la campanya d\u2019aquest any pret\u00e9n [&hellip;]<\/p>\n","protected":false},"author":2,"featured_media":2916,"comment_status":"open","ping_status":"open","sticky":false,"template":"","format":"standard","meta":{"footnotes":""},"categories":[134],"tags":[],"class_list":{"0":"post-2915","1":"post","2":"type-post","3":"status-publish","4":"format-standard","5":"has-post-thumbnail","7":"category-actualitat"},"_links":{"self":[{"href":"https:\/\/www.areabesos.com\/diario\/wp-json\/wp\/v2\/posts\/2915","targetHints":{"allow":["GET"]}}],"collection":[{"href":"https:\/\/www.areabesos.com\/diario\/wp-json\/wp\/v2\/posts"}],"about":[{"href":"https:\/\/www.areabesos.com\/diario\/wp-json\/wp\/v2\/types\/post"}],"author":[{"embeddable":true,"href":"https:\/\/www.areabesos.com\/diario\/wp-json\/wp\/v2\/users\/2"}],"replies":[{"embeddable":true,"href":"https:\/\/www.areabesos.com\/diario\/wp-json\/wp\/v2\/comments?post=2915"}],"version-history":[{"count":1,"href":"https:\/\/www.areabesos.com\/diario\/wp-json\/wp\/v2\/posts\/2915\/revisions"}],"predecessor-version":[{"id":2917,"href":"https:\/\/www.areabesos.com\/diario\/wp-json\/wp\/v2\/posts\/2915\/revisions\/2917"}],"wp:featuredmedia":[{"embeddable":true,"href":"https:\/\/www.areabesos.com\/diario\/wp-json\/wp\/v2\/media\/2916"}],"wp:attachment":[{"href":"https:\/\/www.areabesos.com\/diario\/wp-json\/wp\/v2\/media?parent=2915"}],"wp:term":[{"taxonomy":"category","embeddable":true,"href":"https:\/\/www.areabesos.com\/diario\/wp-json\/wp\/v2\/categories?post=2915"},{"taxonomy":"post_tag","embeddable":true,"href":"https:\/\/www.areabesos.com\/diario\/wp-json\/wp\/v2\/tags?post=2915"}],"curies":[{"name":"wp","href":"https:\/\/api.w.org\/{rel}","templated":true}]}}