{"id":2913,"date":"2021-05-06T10:37:52","date_gmt":"2021-05-06T08:37:52","guid":{"rendered":"http:\/\/www.areabesos.com\/diario\/?p=2913"},"modified":"2021-05-06T10:37:55","modified_gmt":"2021-05-06T08:37:55","slug":"pedro-sanchez-triunfador-en-la-sombra-del-4-de-mayo","status":"publish","type":"post","link":"https:\/\/www.areabesos.com\/diario\/pedro-sanchez-triunfador-en-la-sombra-del-4-de-mayo\/","title":{"rendered":"Pedro S\u00e1nchez, triunfador en la sombra del 4 de mayo"},"content":{"rendered":"\n<p>Esto de hoy ten\u00eda que versar sobre lo de que Espa\u00f1a debe elegir lo antes posible entre Madrid y Espa\u00f1a, y no se trata de un juego de palabras.<\/p>\n\n\n\n<p>Estoy convencido, y m\u00e1s desde ayer, que se est\u00e1 agotando la cuenta atr\u00e1s que se inici\u00f3 en el siglo XVI, a\u00f1o 1.561 quiz\u00e1s, aunque yo no estaba, ese d\u00eda en que Felipe II decidi\u00f3 trasladar a Madrid la capital del Reino de Espa\u00f1a.<\/p>\n\n\n\n<p>Me refiero al tiempo, cada vez menos, que necesitamos para sacar el futuro pol\u00edtico que tenemos por delante del atasco en que se encuentra, pues desde entonces se est\u00e1 cumpliendo lo que, seg\u00fan ha trascendido atravesando los siglos, el \u201cemperador Carlos I de Espa\u00f1a y V de Alemania\u201d le advirti\u00f3 a su hijo cuando este le inform\u00f3 que trasladar\u00eda la Corte a la orilla del Manzanares.<\/p>\n\n\n\n<p>Para refrescar la memoria, 27 a\u00f1os despu\u00e9s alguien importante se tuvo que inventar lo de \u201clos elementos contra mis naves\u201d, como si en los mares no hubiera temporales, y as\u00ed justificar la derrota de la Armada \u201cInvencible\u201d, que, dime de qu\u00e9 presumes\u2026<\/p>\n\n\n\n<p>Y, abundando en las derrotas, 80 a\u00f1os despu\u00e9s del desastre naval se tuvo que conceder la independencia a Portugal para concentrar todo el ej\u00e9rcito contra Catalunya pues, de lo contrario, Castilla habr\u00eda perdido ambos territorios. Y con Portugal se ir\u00eda Brasil, no tan peque\u00f1o.<\/p>\n\n\n\n<p>Pero hoy no es posible seguir con el pasado, tan interesante. Lo inmediato manda y he le\u00eddo y escuchado tantas veces lo de que Pedro S\u00e1nchez ha sido el gran derrotado de ayer en Madrid, y estoy tan en desacuerdo, que no me ha quedado m\u00e1s remedio que rendirme ante la presi\u00f3n ejercida por mi l\u00f3gica interna y volver a escribirlo a la luz de los resultados.<\/p>\n\n\n\n<p>La primera victoria que ha conseguido Pedro S\u00e1nchez ha sido librarse de Pablo Iglesias, y solo \u00e9l sabe hasta qu\u00e9 punto esto le ha permitido ahorrar en somn\u00edferos, que no es necesario recordar la entrevista que mantuvo con Ferreras entre las elecciones generales de abril y noviembre de 2019.<\/p>\n\n\n\n<p>Insaciable el presidente del gobierno, fue saber que el de Podemos dejaba la vicepresidencia para liderar la candidatura de UP donde, dicho sea de paso, ni siquiera tuvieron el detalle de realizar unas primarias cre\u00edbles antes de tomar la decisi\u00f3n, y lanzarse el propio S\u00e1nchez a la campa\u00f1a para quitarle votos a Iglesias a riesgo de lo que fuera. Por ejemplo, restando a Gabilondo todo el protagonismo.<\/p>\n\n\n\n<p>Al ver la reacci\u00f3n de S\u00e1nchez, la mayor\u00eda de analistas pensaron que buscaba una campa\u00f1a cuerpo a cuerpo con Ayuso pues, entre otras cosas, ella lleva convoc\u00e1ndole desde el primer d\u00eda de la pandemia, gran oportunidad ca\u00edda del cielo, que los muertos no votan.&nbsp;<\/p>\n\n\n\n<p>En mi opini\u00f3n, nada m\u00e1s lejos de las intenciones de S\u00e1nchez, pues todo el mundo sabe que, si a unas elecciones concurren varias candidaturas compitiendo entre ellas dentro de distintos bloques, son muchos m\u00e1s los electores que pueden estar dispuestos a cambiar de papeleta dentro de cada bloque que los que se plantean cambiar de bloque.<\/p>\n\n\n\n<p>Dos detalles demuestran que lo que S\u00e1nchez persegu\u00eda era derrotar a Iglesias, un objetivo que, l\u00f3gicamente, no pod\u00eda proclamar como el principal.<\/p>\n\n\n\n<p>Por una parte, la radicalidad improvisada desde el principio. En la primera rueda de prensa anunci\u00f3 que los datos de la pandemia en Madrid eran falsos. La sorpresa vino cuando al d\u00eda siguiente le preguntaron por tal cosa a Fernando Sim\u00f3n y dijo que no le constaba. Estoy seguro que las carcajadas hac\u00edan temblar las pareces pagadas con dinero negro, o sea, falso para Hacienda, del n\u00famero 13 de la calle G\u00e9nova, \u201cse vende\u201d. Por cierto, las acusaciones mantienen la petici\u00f3n de 5 a\u00f1os de c\u00e1rcel para los que pagar\u00e1n el pato, como siempre, por los verdaderos responsables, que no se enteraban de nada. Ya. Cierro par\u00e9ntesis.<\/p>\n\n\n\n<p>El otro detalle se produjo en el momento, \u00e1lgido y pat\u00e9tico al mismo tiempo, de \u00c1ngel Gabilondo durante el debate de Telemadrid, cuando se vio obligado a proclamar, m\u00e1s tenso que en ning\u00fan otro momento de la noche, que \u201cyo no me llamo Pedro S\u00e1nchez. Yo me llamo \u00c1ngel Gabilondo\u201d. A partir de ese momento, el presidente desapareci\u00f3 de la campa\u00f1a. Quiz\u00e1s alguna vez cuente el hermano de I\u00f1aki con qu\u00e9 amenaz\u00f3 a Pedro si no dejaba de ningunearlo y, al mismo tiempo, concederle a Ayuso una categor\u00eda que no le correspond\u00eda.<\/p>\n\n\n\n<p>\u00bfAcaso felicit\u00f3 S\u00e1nchez al triunfador, por poner un ejemplo, de las \u00fanicas auton\u00f3micas murcianas celebradas el 26 de mayo de 2019? \u00bfPorqu\u00e9 s\u00ed lo hizo ayer con IDA? Qu\u00e9 feo. Vuelvo a cerrar par\u00e9ntesis, as\u00ed no hay quien escriba. &nbsp;<\/p>\n\n\n\n<p>Por tanto, dimitido Iglesias de todo y al margen de lo que ocurra con Podemos en el futuro, que algunos cargos institucionales ser\u00e1n recibidos en el PSOE con los brazos abiertos, es evidente que, adem\u00e1s del propio Iglesias con sus errores, S\u00e1nchez ha sido quien m\u00e1s ha hecho por derrotarlo. Y entre ambos lo han conseguido en toda regla.<\/p>\n\n\n\n<p>Sostengo, adem\u00e1s, que S\u00e1nchez no quer\u00eda que el PSOE y las dos izquierdas a su izquierda ganaran las elecciones y pudieran formar gobierno en Madrid, y menos para un mandato de solo dos a\u00f1os. Por eso, a\u00fan estando perfectamente justificado que le pidiera a Gabilondo que no encabezara la candidatura, poco antes se hab\u00eda anunciado su traslado a la oficina del Defensor del Pueblo y, adem\u00e1s, no hab\u00eda hecho nada durante la media legislatura transcurrida, decidi\u00f3 mantenerlo.<\/p>\n\n\n\n<p>Casi cualquier otro candidato, aunque solo fuera por el est\u00edmulo de la confianza depositada en \u00e9l por parte del PSOE y sin \u201cmochila\u201d ninguna, lo hubiera hecho mucho mejor. Pero, con lo bien que se vive contra Ayuso, \u00bfpara que potenciar un nuevo bar\u00f3n de los que despu\u00e9s incordian?<\/p>\n\n\n\n<p>Seguro que no es necesario dar nombres.<\/p>\n\n\n\n<p>En mi opini\u00f3n, el motivo principal de la maldad de S\u00e1nchez, la de no querer que el PSOE gobernara la C.A. de Madrid, se llama Catalunya.<\/p>\n\n\n\n<p>Nadie mejor que la \u201catrevida\u201d presidenta para, desde un Madrid en el que, a\u00fan con m\u00e1s br\u00edo, defender\u00e1 sus privilegios fiscales, seguir \u201cdisparando\u201d a los independentistas con \u201cp\u00f3lvora del rey\u201d, aunque sea fallando, pues para S\u00e1nchez se trata de molestarlos y que, preferiblemente, no sean Garc\u00eda Page, ni Lamban, ni otros \u201camigos\u201d. Y no digamos los Leguina, Gonz\u00e1lez y c\u00eda.<\/p>\n\n\n\n<p>Porque a Barcelona acudi\u00f3 Ayuso durante la campa\u00f1a electoral del 14 de febrero y el PP termin\u00f3 perdiendo el 25% del poder parlamentario que ten\u00eda en Catalunya.<\/p>\n\n\n\n<p>El reverso de la moneda es que los resultados del 14F soportan la hip\u00f3tesis de que algunos electores no independentistas, incluidos socialistas y Comunes, podr\u00edan no haber acudido a las urnas para que su voto no terminara formando parte del mismo bloque que el de Ayuso, que en Catalunya s\u00ed que son capaces de trenzar cordones. Eso s\u00ed que pudo ser decisivo contra Illa. Pero claro, no se puede tener todo.<\/p>\n\n\n\n<p>Por cierto, se imaginan la cara que pondr\u00eda N\u00fa\u00f1ez Feijoo si Amancio Ortega trasladara, precisamente antes de morir, su residencia a Madrid y los 11.000 millones de impuesto de sucesiones que ingresar\u00eda Galicia se convirtieran en cero all\u00ed y solo 250 millones para Madrid. Lo ha escrito Ignacio Escolar y no hay mejor manera de exponer el dumping fiscal que ejerce Madrid.<\/p>\n\n\n\n<p>Vuelvo a cerrar par\u00e9ntesis, pues lo de qu\u00e9 hacer con Madrid da para demasiados renglones m\u00e1s.<\/p>\n\n\n\n<p>Tambi\u00e9n habr\u00e1 que pararse con m\u00e1s tiempo en las distintas versiones de lo que le dijo Carlos I y etc\u00e9tera a Felipe II cuando este le dijo lo de Madrid capital. Por eso, esto de hoy continuar\u00e1 por diferentes derroteros.<\/p>\n\n\n\n<p><span style=\"background-color:#010e13\" class=\"td_text_highlight_marker\">Domingo Sanz<\/span><\/p>\n","protected":false},"excerpt":{"rendered":"<p>Esto de hoy ten\u00eda que versar sobre lo de que Espa\u00f1a debe elegir lo antes posible entre Madrid y Espa\u00f1a, y no se trata de un juego de palabras. Estoy convencido, y m\u00e1s desde ayer, que se est\u00e1 agotando la cuenta atr\u00e1s que se inici\u00f3 en el siglo XVI, a\u00f1o 1.561 quiz\u00e1s, aunque yo no [&hellip;]<\/p>\n","protected":false},"author":2,"featured_media":1515,"comment_status":"open","ping_status":"open","sticky":false,"template":"","format":"standard","meta":{"footnotes":""},"categories":[139],"tags":[],"class_list":{"0":"post-2913","1":"post","2":"type-post","3":"status-publish","4":"format-standard","5":"has-post-thumbnail","7":"category-opinio"},"_links":{"self":[{"href":"https:\/\/www.areabesos.com\/diario\/wp-json\/wp\/v2\/posts\/2913","targetHints":{"allow":["GET"]}}],"collection":[{"href":"https:\/\/www.areabesos.com\/diario\/wp-json\/wp\/v2\/posts"}],"about":[{"href":"https:\/\/www.areabesos.com\/diario\/wp-json\/wp\/v2\/types\/post"}],"author":[{"embeddable":true,"href":"https:\/\/www.areabesos.com\/diario\/wp-json\/wp\/v2\/users\/2"}],"replies":[{"embeddable":true,"href":"https:\/\/www.areabesos.com\/diario\/wp-json\/wp\/v2\/comments?post=2913"}],"version-history":[{"count":1,"href":"https:\/\/www.areabesos.com\/diario\/wp-json\/wp\/v2\/posts\/2913\/revisions"}],"predecessor-version":[{"id":2914,"href":"https:\/\/www.areabesos.com\/diario\/wp-json\/wp\/v2\/posts\/2913\/revisions\/2914"}],"wp:featuredmedia":[{"embeddable":true,"href":"https:\/\/www.areabesos.com\/diario\/wp-json\/wp\/v2\/media\/1515"}],"wp:attachment":[{"href":"https:\/\/www.areabesos.com\/diario\/wp-json\/wp\/v2\/media?parent=2913"}],"wp:term":[{"taxonomy":"category","embeddable":true,"href":"https:\/\/www.areabesos.com\/diario\/wp-json\/wp\/v2\/categories?post=2913"},{"taxonomy":"post_tag","embeddable":true,"href":"https:\/\/www.areabesos.com\/diario\/wp-json\/wp\/v2\/tags?post=2913"}],"curies":[{"name":"wp","href":"https:\/\/api.w.org\/{rel}","templated":true}]}}