{"id":2910,"date":"2021-05-04T13:44:34","date_gmt":"2021-05-04T11:44:34","guid":{"rendered":"http:\/\/www.areabesos.com\/diario\/?p=2910"},"modified":"2021-05-04T13:44:37","modified_gmt":"2021-05-04T11:44:37","slug":"lexposicio-quan-parles-fas-magia-arriba-a-sant-adria","status":"publish","type":"post","link":"https:\/\/www.areabesos.com\/diario\/lexposicio-quan-parles-fas-magia-arriba-a-sant-adria\/","title":{"rendered":"L&#8217;exposici\u00f3 \u00abQuan parles fas m\u00e0gia\u00bb arriba a Sant Adri\u00e0"},"content":{"rendered":"\n<p>Aquest mes de maig\u00a0arriba\u00a0a Sant Adri\u00e0 de Bes\u00f2s\u00a0la nova exposici\u00f3 del\u00a0<strong>Voluntariat per la Llengua<\/strong>\u00a0que s&#8217;inclou en la nova campanya \u00ab<strong>Quan parles fas m\u00e0gia<\/strong>\u00ab, que en aquesta ocasi\u00f3 vol destacar els protagonistes del programa: les persones que formen les parelles ling\u00fc\u00edstiques, \u00e9s a dir, voluntaris i aprenents.\u00a0\u00a0<\/p>\n\n\n\n<p>L&#8217;exposici\u00f3 creada per la Direcci\u00f3 General de Pol\u00edtica Ling\u00fc\u00edstica, forma part d&#8217;una campanya del\u00a0<a rel=\"noreferrer noopener\" href=\"https:\/\/www.vxl.cat\/\" target=\"_blank\">Voluntariat per la llengua<\/a>\u00a0(VxL) que vol animar les persones a afegir-se a aquest programa d&#8217;enriquiment ling\u00fc\u00edstic, cultural i personal que no ha parat de cr\u00e9ixer des de la seva creaci\u00f3, el 2003.\u00a0I ho vol fer a partir de la met\u00e0fora de la m\u00e0gia. \u00abQuan parles fas m\u00e0gia\u00bb focalitza l&#8217;atenci\u00f3 en un aspecte clau del programa: la capacitat per fer cr\u00e9ixer el catal\u00e0 a trav\u00e9s de la conversa i transformar la vida de les persones que hi participen a partir de la llengua.\u00a0<\/p>\n\n\n\n<p>A Sant Adri\u00e0 es podr\u00e0 visitar a la Biblioteca Font de la Mina del 18 al 31 de maig. <\/p>\n","protected":false},"excerpt":{"rendered":"<p>Aquest mes de maig\u00a0arriba\u00a0a Sant Adri\u00e0 de Bes\u00f2s\u00a0la nova exposici\u00f3 del\u00a0Voluntariat per la Llengua\u00a0que s&#8217;inclou en la nova campanya \u00abQuan parles fas m\u00e0gia\u00ab, que en aquesta ocasi\u00f3 vol destacar els protagonistes del programa: les persones que formen les parelles ling\u00fc\u00edstiques, \u00e9s a dir, voluntaris i aprenents.\u00a0\u00a0 L&#8217;exposici\u00f3 creada per la Direcci\u00f3 General de Pol\u00edtica Ling\u00fc\u00edstica, [&hellip;]<\/p>\n","protected":false},"author":2,"featured_media":2911,"comment_status":"open","ping_status":"open","sticky":false,"template":"","format":"standard","meta":{"footnotes":""},"categories":[134],"tags":[],"class_list":{"0":"post-2910","1":"post","2":"type-post","3":"status-publish","4":"format-standard","5":"has-post-thumbnail","7":"category-actualitat"},"_links":{"self":[{"href":"https:\/\/www.areabesos.com\/diario\/wp-json\/wp\/v2\/posts\/2910","targetHints":{"allow":["GET"]}}],"collection":[{"href":"https:\/\/www.areabesos.com\/diario\/wp-json\/wp\/v2\/posts"}],"about":[{"href":"https:\/\/www.areabesos.com\/diario\/wp-json\/wp\/v2\/types\/post"}],"author":[{"embeddable":true,"href":"https:\/\/www.areabesos.com\/diario\/wp-json\/wp\/v2\/users\/2"}],"replies":[{"embeddable":true,"href":"https:\/\/www.areabesos.com\/diario\/wp-json\/wp\/v2\/comments?post=2910"}],"version-history":[{"count":1,"href":"https:\/\/www.areabesos.com\/diario\/wp-json\/wp\/v2\/posts\/2910\/revisions"}],"predecessor-version":[{"id":2912,"href":"https:\/\/www.areabesos.com\/diario\/wp-json\/wp\/v2\/posts\/2910\/revisions\/2912"}],"wp:featuredmedia":[{"embeddable":true,"href":"https:\/\/www.areabesos.com\/diario\/wp-json\/wp\/v2\/media\/2911"}],"wp:attachment":[{"href":"https:\/\/www.areabesos.com\/diario\/wp-json\/wp\/v2\/media?parent=2910"}],"wp:term":[{"taxonomy":"category","embeddable":true,"href":"https:\/\/www.areabesos.com\/diario\/wp-json\/wp\/v2\/categories?post=2910"},{"taxonomy":"post_tag","embeddable":true,"href":"https:\/\/www.areabesos.com\/diario\/wp-json\/wp\/v2\/tags?post=2910"}],"curies":[{"name":"wp","href":"https:\/\/api.w.org\/{rel}","templated":true}]}}