{"id":2901,"date":"2021-05-03T10:34:34","date_gmt":"2021-05-03T08:34:34","guid":{"rendered":"http:\/\/www.areabesos.com\/diario\/?p=2901"},"modified":"2021-05-03T10:34:36","modified_gmt":"2021-05-03T08:34:36","slug":"el-madrid-del-si-te-llaman-fascista-al-seremos-fascistas-pero","status":"publish","type":"post","link":"https:\/\/www.areabesos.com\/diario\/el-madrid-del-si-te-llaman-fascista-al-seremos-fascistas-pero\/","title":{"rendered":"El Madrid del \u201csi te llaman fascista\u2026\u201d al \u201cseremos fascistas, pero\u2026\u201d."},"content":{"rendered":"\n<p>Pensando en Madrid ahora, son tantos los impactos que aciertan en la diana de rompernos los esquemas que es imposible componer dos ideas que puedan aguantar el tiempo que tardamos en sentarnos&nbsp;delante del teclado.<\/p>\n\n\n\n<p>Sin ir m\u00e1s lejos, anoche a\u00fan era s\u00e1bado y este art\u00edculo deb\u00eda hacer referencia en el t\u00edtulo a los seis miedos que, hasta el momento, ten\u00eda contabilizados como amenazas que rondan las cabezas del electorado madrile\u00f1o.<\/p>\n\n\n\n<p>Entonces fue cuando un ex diputado, catal\u00e1n y antifascista, me record\u00f3 desde la tele que, antes de que el alcalde \u201cfascista\u201d de Madrid decidiera romper las redes sociales con su \u201cseremos fascistas, pero sabemos gobernar\u201d, que parec\u00eda insuperable, la propia Ayuso hab\u00eda declarado que \u201csi te llaman fascista significa que est\u00e1s en el lado correcto de la Historia\u201d.<\/p>\n\n\n\n<p>La a partir de ahora \u201cfascista\u201d se lo dijo a Ana Rosa Quintana hace mes y medio muy en serio. Es decir, no como el alcalde \u201cfascista\u201d en el mitin, con cierta sorna para cuando le pregunten \u201cse\u00f1or alcalde, \u00bfes usted fascista?\u201d pueda contestar que solo era ret\u00f3rica mitinera.<\/p>\n\n\n\n<p>Y entonces, como buen periodista espa\u00f1ol, se arrugar\u00e1 ante quienes de verdad mandan y, por tanto, asustan, y no le preguntar\u00e1: \u201c\u00bfsignifica eso que usted dice mentiras en los m\u00edtines?\u201d<\/p>\n\n\n\n<p>Pero ah\u00ed queda, y piensan ella y \u00e9l, los dos \u201cfascistas\u201d, que algunos se reir\u00e1n, pero tambi\u00e9n les sirve, porque estar\u00e1n pensando en ellos, \u201caunque sea mal\u201d, ya que todos piensan en aquel de quien se est\u00e1n riendo.<\/p>\n\n\n\n<p>Y tambi\u00e9n piensan ambos en todas las personas cuyos votos s\u00ed les interesan, esas que a\u00fan llevan en su ADN los traumas que les convienen, y saben que muchas de ellas decidir\u00e1n votar a la \u201cfascista\u201d el d\u00eda 4, y lo har\u00e1n de manera que se les note, como lo tuvieron que hacer sus abuelos y sus bisabuelos, cuando levantaron el brazo a lo fascista al paso de las tropas \u201cnacionales\u201d, que gracias a eso no est\u00e1n ni entre los cien mil que a\u00fan se buscan por las cunetas, ni entre los que ya se han encontrado.<\/p>\n\n\n\n<p>De hecho, durante la tarde de ayer compart\u00ed con varias personas antifascistas una idea sobre otro de los miedos que la \u201cfascista\u201d ha decidido cultivar. Les coment\u00e9 que ella imaginaba Madrid como un mundo de cobardes, en el que la gente caminaba mirando a todas partes para no encontrase con sus ex porque, a fin de cuentas, todo el mundo sabe que ni Dios, ni el Demonio, ni siquiera la \u201cfascista\u201d, pueden evitar las coincidencias.<\/p>\n\n\n\n<p>El caso es que me contestaron cinco o seis aportando de su cosecha opiniones en el mismo sentido, pero, pasados unos minutos, una de ellas me envi\u00f3 otro mensaje pidi\u00e9ndome que no compartiera lo que me hab\u00eda confiado sobre la \u201cfascista\u201d, pues \u201clos demonios est\u00e1n por todas partes\u201d.<\/p>\n\n\n\n<p>A esto se le puede llamar miedo ancestral, pero vigente.<\/p>\n\n\n\n<p>A punto de comenzar la campa\u00f1a, la \u201cfascista\u201d populariz\u00f3 dos nuevos miedos, fundamentados en disyuntivas ficticias, \u201csocialismo o libertad\u201d y \u201ccomunismo o libertad\u201d, que confirman lo que piensa del votante que podr\u00eda elegir su papeleta: que es tan simple como ella.<\/p>\n\n\n\n<p>Nadie, salvo los traumatizados que reaccionan como robots a las se\u00f1ales del miedo convocado por \u201cfascistas\u201d, se puede creer que hay m\u00e1s libertad en el Madrid de la \u201cfascista\u201d que en cualquier lugar gobernado por otros del PP o por socialistas, ni tampoco que el \u201ccomunismo\u201d constituya un peligro que pueda llegar tras el recuento de los votos en las elecciones de cualquier Comunidad Aut\u00f3noma, incluida la de Madrid porque, mal que le pese a la \u201cfascista\u201d, la capital de Espa\u00f1a no es Espa\u00f1a.<\/p>\n\n\n\n<p>Ha puesto la \u201cfascista\u201d el fascismo, y los miedos, tan de moda, que incluso puede salir beneficiada del \u201cfascismo o democracia\u201d, el miedo con que ha respondido la izquierda.<\/p>\n\n\n\n<p>Otro miedo madrile\u00f1o, el de la independencia catalana, no ha protagonizado la campa\u00f1a, pero la \u201cfascista\u201d ya tra\u00eda cultivada una imagen de hero\u00edna salvadora de la unidad de Espa\u00f1a que vende bien entre su electorado de la capital.<\/p>\n\n\n\n<p>En primer lugar, cuando declar\u00f3 que hab\u00eda decidido apoyar a S\u00e1nchez en el primer Estado de Alarma para que los independentistas no pudieran seguir \u201cremando a su favor\u201d. Fue en mayo de 2020.<\/p>\n\n\n\n<p>Despu\u00e9s, con su presencia f\u00edsica en Barcelona durante la campa\u00f1a electoral para las del 14 de febrero, en las que, por cierto, el PP perdi\u00f3 un esca\u00f1o, el 25% del poder parlamentario conseguido en 2017, y tambi\u00e9n cuatro esca\u00f1os menos todo el espa\u00f1olismo, incluidos los Comuns.<\/p>\n\n\n\n<p>A la vista de esos resultados, lo m\u00e1s probable es que algunos catalanes espa\u00f1olistas de los que jam\u00e1s votar\u00edan al PP decidieran en febrero no votar tampoco a ning\u00fan otro partido no independentista, al ver que siempre aparecer\u00eda en el mismo bloque que el de la \u201cfascista\u201d.<\/p>\n\n\n\n<p>Por \u00faltimo, queda el miedo de la pandemia.<\/p>\n\n\n\n<p>En este caso, cuando a la \u201cfascista\u201d le preguntan por el exceso de muertos en Madrid responde con cualquier cosa, lo primero que se le ocurre, porque sabe dos cosas: la primera, que los muertos no votan, y la segunda, que millones de personas tienen dibujado un pared\u00f3n imaginario que les dice que si han sobrevivido es porque gobernaba la \u201cfascista\u201d. Algo imposible de demostrar, pero tambi\u00e9n de negar.<\/p>\n\n\n\n<p>A fin de cuentas, los votantes actuales de la \u201cfascista\u201d de Madrid son herederos de los mismos que, en las urnas de octubre de 2003, decidieron castigar con 141.600 votos menos al PSOE y a IU, los partidos que cuatro meses antes hab\u00edan sido traicionados por Tamayo y S\u00e1ez, los dos tr\u00e1nsfugas que le negaron la investidura al socialista Simancas, l\u00edder de la candidatura de la que ambos formaron parte.<\/p>\n\n\n\n<p>Aquella crueldad del electorado con las v\u00edctimas de una traici\u00f3n, aunque fueran pol\u00edticos, significaba conceder el poder a los beneficiarios de la misma, que no eran menos pol\u00edticos que los traicionados.<\/p>\n\n\n\n<p>Pero se dice que el electorado \u201csiempre tiene raz\u00f3n\u201d. \u00bfTambi\u00e9n cuando vota a alg\u00fan Hitler?<\/p>\n\n\n\n<p>Si, Isabel D\u00edaz Ayuso, la \u201cfascista\u201d, tambi\u00e9n tiene raz\u00f3n.<\/p>\n\n\n\n<p>La libertad en Madrid es no volverte a encontrar nunca con tu ex, ni con tu muerto por el Covid, ni con la memoria que te podr\u00eda recordar lo peor de tu propia historia.<\/p>\n\n\n\n<p><span style=\"background-color:#010f15\" class=\"td_text_highlight_marker\">Domingo Sanz<\/span><\/p>\n","protected":false},"excerpt":{"rendered":"<p>Pensando en Madrid ahora, son tantos los impactos que aciertan en la diana de rompernos los esquemas que es imposible componer dos ideas que puedan aguantar el tiempo que tardamos en sentarnos&nbsp;delante del teclado. Sin ir m\u00e1s lejos, anoche a\u00fan era s\u00e1bado y este art\u00edculo deb\u00eda hacer referencia en el t\u00edtulo a los seis miedos [&hellip;]<\/p>\n","protected":false},"author":2,"featured_media":1515,"comment_status":"open","ping_status":"open","sticky":false,"template":"","format":"standard","meta":{"footnotes":""},"categories":[139],"tags":[],"class_list":{"0":"post-2901","1":"post","2":"type-post","3":"status-publish","4":"format-standard","5":"has-post-thumbnail","7":"category-opinio"},"_links":{"self":[{"href":"https:\/\/www.areabesos.com\/diario\/wp-json\/wp\/v2\/posts\/2901","targetHints":{"allow":["GET"]}}],"collection":[{"href":"https:\/\/www.areabesos.com\/diario\/wp-json\/wp\/v2\/posts"}],"about":[{"href":"https:\/\/www.areabesos.com\/diario\/wp-json\/wp\/v2\/types\/post"}],"author":[{"embeddable":true,"href":"https:\/\/www.areabesos.com\/diario\/wp-json\/wp\/v2\/users\/2"}],"replies":[{"embeddable":true,"href":"https:\/\/www.areabesos.com\/diario\/wp-json\/wp\/v2\/comments?post=2901"}],"version-history":[{"count":1,"href":"https:\/\/www.areabesos.com\/diario\/wp-json\/wp\/v2\/posts\/2901\/revisions"}],"predecessor-version":[{"id":2902,"href":"https:\/\/www.areabesos.com\/diario\/wp-json\/wp\/v2\/posts\/2901\/revisions\/2902"}],"wp:featuredmedia":[{"embeddable":true,"href":"https:\/\/www.areabesos.com\/diario\/wp-json\/wp\/v2\/media\/1515"}],"wp:attachment":[{"href":"https:\/\/www.areabesos.com\/diario\/wp-json\/wp\/v2\/media?parent=2901"}],"wp:term":[{"taxonomy":"category","embeddable":true,"href":"https:\/\/www.areabesos.com\/diario\/wp-json\/wp\/v2\/categories?post=2901"},{"taxonomy":"post_tag","embeddable":true,"href":"https:\/\/www.areabesos.com\/diario\/wp-json\/wp\/v2\/tags?post=2901"}],"curies":[{"name":"wp","href":"https:\/\/api.w.org\/{rel}","templated":true}]}}