{"id":2893,"date":"2021-04-29T10:47:31","date_gmt":"2021-04-29T08:47:31","guid":{"rendered":"http:\/\/www.areabesos.com\/diario\/?p=2893"},"modified":"2021-10-07T13:58:46","modified_gmt":"2021-10-07T11:58:46","slug":"area-besos-292-abril-2021","status":"publish","type":"post","link":"https:\/\/www.areabesos.com\/diario\/area-besos-292-abril-2021\/","title":{"rendered":"\u00c0rea Bes\u00f2s 292 Abril 2021"},"content":{"rendered":"\n<p>En el n\u00famero de l\u2019\u00c0rea Bes\u00f2s del mes d&#8217;abril entrevistem a la nova alcaldessa de Sant Adri\u00e0 de Bes\u00f2s, Filo Ca\u00f1ete, que ens parla de la situaci\u00f3 actual del municipi i dels reptes que encara tenim per endavant. Tamb\u00e9 destaquem l&#8217;alian\u00e7a entre Sant Adri\u00e0, Badalona i Santa Coloma per revitalitzar el Barcelon\u00e8s Nord.<\/p>\n\n\n<a href=\"https:\/\/www.areabesos.com\/diario\/wp-content\/uploads\/2021\/04\/AB0292.pdf\" class=\"pdfemb-viewer\" style=\"\" data-width=\"max\" data-height=\"max\" data-toolbar=\"both\" data-toolbar-fixed=\"on\">AB0292<\/a>\n<p class=\"wp-block-pdfemb-pdf-embedder-viewer\"><\/p>\n","protected":false},"excerpt":{"rendered":"<p>En el n\u00famero de l\u2019\u00c0rea Bes\u00f2s del mes d&#8217;abril entrevistem a la nova alcaldessa de Sant Adri\u00e0 de Bes\u00f2s, Filo Ca\u00f1ete, que ens parla de la situaci\u00f3 actual del municipi i dels reptes que encara tenim per endavant. Tamb\u00e9 destaquem l&#8217;alian\u00e7a entre Sant Adri\u00e0, Badalona i Santa Coloma per revitalitzar el Barcelon\u00e8s Nord.<\/p>\n","protected":false},"author":1,"featured_media":2895,"comment_status":"open","ping_status":"open","sticky":false,"template":"","format":"standard","meta":{"footnotes":""},"categories":[141,181],"tags":[],"class_list":{"0":"post-2893","1":"post","2":"type-post","3":"status-publish","4":"format-standard","5":"has-post-thumbnail","7":"category-edicio-impresa","8":"category-hemeroteca"},"_links":{"self":[{"href":"https:\/\/www.areabesos.com\/diario\/wp-json\/wp\/v2\/posts\/2893","targetHints":{"allow":["GET"]}}],"collection":[{"href":"https:\/\/www.areabesos.com\/diario\/wp-json\/wp\/v2\/posts"}],"about":[{"href":"https:\/\/www.areabesos.com\/diario\/wp-json\/wp\/v2\/types\/post"}],"author":[{"embeddable":true,"href":"https:\/\/www.areabesos.com\/diario\/wp-json\/wp\/v2\/users\/1"}],"replies":[{"embeddable":true,"href":"https:\/\/www.areabesos.com\/diario\/wp-json\/wp\/v2\/comments?post=2893"}],"version-history":[{"count":1,"href":"https:\/\/www.areabesos.com\/diario\/wp-json\/wp\/v2\/posts\/2893\/revisions"}],"predecessor-version":[{"id":2896,"href":"https:\/\/www.areabesos.com\/diario\/wp-json\/wp\/v2\/posts\/2893\/revisions\/2896"}],"wp:featuredmedia":[{"embeddable":true,"href":"https:\/\/www.areabesos.com\/diario\/wp-json\/wp\/v2\/media\/2895"}],"wp:attachment":[{"href":"https:\/\/www.areabesos.com\/diario\/wp-json\/wp\/v2\/media?parent=2893"}],"wp:term":[{"taxonomy":"category","embeddable":true,"href":"https:\/\/www.areabesos.com\/diario\/wp-json\/wp\/v2\/categories?post=2893"},{"taxonomy":"post_tag","embeddable":true,"href":"https:\/\/www.areabesos.com\/diario\/wp-json\/wp\/v2\/tags?post=2893"}],"curies":[{"name":"wp","href":"https:\/\/api.w.org\/{rel}","templated":true}]}}