{"id":2872,"date":"2021-04-22T13:50:42","date_gmt":"2021-04-22T11:50:42","guid":{"rendered":"http:\/\/www.areabesos.com\/diario\/?p=2872"},"modified":"2021-04-22T13:50:46","modified_gmt":"2021-04-22T11:50:46","slug":"entitats-adrianenques-protesten-per-la-prohibicio-del-consistori-de-concedir-paradetes-per-aquest-sant-jordi","status":"publish","type":"post","link":"https:\/\/www.areabesos.com\/diario\/entitats-adrianenques-protesten-per-la-prohibicio-del-consistori-de-concedir-paradetes-per-aquest-sant-jordi\/","title":{"rendered":"Entitats adrianenques protesten per la prohibici\u00f3 del consistori de concedir paradetes per aquest Sant Jordi"},"content":{"rendered":"\n<p>Jovent Republic\u00e0, Sant Adria Antifeixista, Marea Verda, Agrupament Escolta i Guia de Sant Adri\u00e0, Casal Popular Les Besossades, R\u00e0dio La Mina, CDR Pla de Bes\u00f2s, S\u00famate i ANC es concentraran aquesta tarda a partir de les 19.30 hores a la pla\u00e7a de la Vila per protestar per la prohibici\u00f3 per part de l\u2019Ajuntament a concedir paradetes a les entitats per a la celebraci\u00f3 de la Diada de Sant Jordi, una guspira que, segons les entitats, \u201cha enc\u00e9s un malestar que ve de lluny\u201d.<\/p>\n\n\n\n<p>Critiquen que \u201cel posicionament contrari al teixit associatiu adrianenc\u201d per part del consistori, no deixant posar paradeta el dia de Sant Jordi, una jornada molt important per les associacions durant el qual es poden donar a con\u00e8ixer i obtenir ingressos per a les seves activitats. \u201cLes entitats creiem que hi havia prou marge per a cumplir totes les restriccions i poder haver tingut una Diada de Sant Jordi propera a la normalitat, nom\u00e9s calia buscar alternativas que segur s&#8217;haurien trobat amb voluntat\u201d.<\/p>\n\n\n\n<p>Les entitats recorden que el consistori ja els va prohibir montar paradete a la Festa Major 2019 (despr\u00e9s de molta lluitar es van aconseguir 5 concessions) i que no es va fer cap activitat per la festa de l\u2019any passat (recorden que, tot i la pand\u00e8mia, les ciutats del voltant van fer alguns actes, com Barcelona amb la Merc\u00e8).<\/p>\n\n\n\n<p>\u201cDenunciem tamb\u00e9 que amb aquesta prohibici\u00f3 el govern de l&#8217;alcaldessa Ca\u00f1ete fa de la Diada de Sant Jordi una Diada 100% mercantilista ja que sols podran posar paradetes els professionals de la floristeria i la llibreria (nom\u00e9s tenim una llibreria al Pla de Bes\u00f2s), fet que pr\u00e0cticament elimina el car\u00e0cter cultural de Sant Jordi. Per tot aix\u00f3 les entitats emplacem a l&#8217;Ajuntament a canviar el seu tarann\u00e0 envers el teixit social de la ciutat per tal de, malgrat les restriccions que han de regir tota activitat mentre duri la pand\u00e8mia, poder tornar a la normalitat tan aviat com sigui possible i amb la m\u00e0xima cooperaci\u00f3\u201d.<\/p>\n\n\n\n<p>En declaracions a aquest diari, l\u2019alcaldessa adrianenca Filo Ca\u00f1ete afirma que \u201ctenim unes directrius que diuen que en tot cas es podia fer un cercat perimetrat on es podria muntar parada per\u00f2 sempre per professionals. \u00c9s a dir, floristeries i llibreries, no entitats. Per\u00f2 no \u00e9s cert que nosaltres no celebrem Sant Jordi, farem activitats adequades i adaptades a la situaci\u00f3 actual. Com treure la sala de lectura de la biblioteca a l\u2019aire lliure, una activitat, la bibliopla\u00e7a, que estrenem aquest Sant Jordi i que es repetir\u00e0 un cop al mes\u201d. Ca\u00f1ete assegura que les ciutats de l\u2019entorn treuran paradetes al carrer per\u00f2 de professionals, com marca el Procicat, no d\u2019entitats. &nbsp;&nbsp;&nbsp;&nbsp;&nbsp;<\/p>\n","protected":false},"excerpt":{"rendered":"<p>Jovent Republic\u00e0, Sant Adria Antifeixista, Marea Verda, Agrupament Escolta i Guia de Sant Adri\u00e0, Casal Popular Les Besossades, R\u00e0dio La Mina, CDR Pla de Bes\u00f2s, S\u00famate i ANC es concentraran aquesta tarda a partir de les 19.30 hores a la pla\u00e7a de la Vila per protestar per la prohibici\u00f3 per part de l\u2019Ajuntament a concedir [&hellip;]<\/p>\n","protected":false},"author":1,"featured_media":2873,"comment_status":"open","ping_status":"open","sticky":false,"template":"","format":"standard","meta":{"footnotes":""},"categories":[134],"tags":[],"class_list":{"0":"post-2872","1":"post","2":"type-post","3":"status-publish","4":"format-standard","5":"has-post-thumbnail","7":"category-actualitat"},"_links":{"self":[{"href":"https:\/\/www.areabesos.com\/diario\/wp-json\/wp\/v2\/posts\/2872","targetHints":{"allow":["GET"]}}],"collection":[{"href":"https:\/\/www.areabesos.com\/diario\/wp-json\/wp\/v2\/posts"}],"about":[{"href":"https:\/\/www.areabesos.com\/diario\/wp-json\/wp\/v2\/types\/post"}],"author":[{"embeddable":true,"href":"https:\/\/www.areabesos.com\/diario\/wp-json\/wp\/v2\/users\/1"}],"replies":[{"embeddable":true,"href":"https:\/\/www.areabesos.com\/diario\/wp-json\/wp\/v2\/comments?post=2872"}],"version-history":[{"count":1,"href":"https:\/\/www.areabesos.com\/diario\/wp-json\/wp\/v2\/posts\/2872\/revisions"}],"predecessor-version":[{"id":2874,"href":"https:\/\/www.areabesos.com\/diario\/wp-json\/wp\/v2\/posts\/2872\/revisions\/2874"}],"wp:featuredmedia":[{"embeddable":true,"href":"https:\/\/www.areabesos.com\/diario\/wp-json\/wp\/v2\/media\/2873"}],"wp:attachment":[{"href":"https:\/\/www.areabesos.com\/diario\/wp-json\/wp\/v2\/media?parent=2872"}],"wp:term":[{"taxonomy":"category","embeddable":true,"href":"https:\/\/www.areabesos.com\/diario\/wp-json\/wp\/v2\/categories?post=2872"},{"taxonomy":"post_tag","embeddable":true,"href":"https:\/\/www.areabesos.com\/diario\/wp-json\/wp\/v2\/tags?post=2872"}],"curies":[{"name":"wp","href":"https:\/\/api.w.org\/{rel}","templated":true}]}}