{"id":2837,"date":"2021-04-09T20:12:35","date_gmt":"2021-04-09T18:12:35","guid":{"rendered":"http:\/\/www.areabesos.com\/diario\/?p=2837"},"modified":"2021-04-09T20:16:57","modified_gmt":"2021-04-09T18:16:57","slug":"filo-canete-nueva-alcaldesa-de-sant-adria","status":"publish","type":"post","link":"https:\/\/www.areabesos.com\/diario\/filo-canete-nueva-alcaldesa-de-sant-adria\/","title":{"rendered":"Filo Ca\u00f1ete, nueva alcaldesa de Sant Adri\u00e0"},"content":{"rendered":"\n<p>No ha habido sorpresas, y la candidata socialista Filo Ca\u00f1ete ha sido escogida alcaldesa de Sant Adri\u00e0 de Bes\u00f2s, la primera mujer que ocupa el cargo en la historia adrianense, sustituyendo as\u00ed a Joan Callau, que renunci\u00f3 a la alcald\u00eda el pasado 6 de abril. Ha recibido nueve votos, los ocho de su partido y el de Movem Sant Adri\u00e0 en Com\u00fa, tal y como sucediera en el anterior pleno de investidura de hace dos a\u00f1os. La segunda candidatura con m\u00e1s votos ha sido la de ERC. Rub\u00e8n Arenas ha conseguido el apoyo de Sant Adri\u00e0 en Com\u00fa y MES, qued\u00e1ndose a un solo voto de la socialista. El otro candidato, Pedro S\u00e1nchez de Ciutadans, ha recibido los cuatro votos de su grupo.<\/p>\n\n\n\n<p>En un pleno de investidura sin p\u00fablico y retransmitido en streaming en el canal de Youtube del consistorio (con un centenar de ciudadanos conectados) por las medidas antiCodid-19, s\u00ed ha tenido asistentes de lujo (en la sala anexa), como el ex ministro de Sanidad, Salvador Illa, o la alcaldesa de Santa Coloma de Gramenet, N\u00faria Parlon, o el alcalde de Montgat, Andreu \u201cAndy\u201d Absil.<\/p>\n\n\n\n<p>Filo Ca\u00f1ete, concejala del Ayuntamiento de Sant Adri\u00e0 de Bes\u00f2s desde 2007, ha querido dar las gracias a los tres socialistas que le marcaron en su carrera, los dos ex alcalde Jes\u00fas Mar\u00eda Canga y Joan Callau, y a su \u201cmentor\u201d, Pedro Rivero, que tambi\u00e9n deja su acta de concejal. En su discurso se ha definido como una persona que cree en la justicia social y \u201cen el bien com\u00fan por encima de todo\u201d. Tambi\u00e9n se ha reafirmado en su forma de trabajar en la que siempre buscar\u00e1 \u201cdi\u00e1logo, consenso y acuerdo\u201d, no solo con el resto de grupos municipales, sino tambi\u00e9n con la ciudadan\u00eda. De ah\u00ed que haya anunciado que la Mesa de Reactivaci\u00f3n se ampliar\u00e1 con agentes sociales para recuperar la ciudad mermada por la pandemia. Despu\u00e9s de loar la transformaci\u00f3n de Sant Adri\u00e0 ha asegurado que es necesario mejorar ese cambio, y ha enumerado las asignaturas pendientes de la localidad, como son la Rambleta, el edificio Venus, el Parque del Bes\u00f2s, la piscina del polideportivo Ricart, y el Campus universitario. Poniendo el foco en los asuntos sociales, la educaci\u00f3n y la promoci\u00f3n econ\u00f3mica, Filo Ca\u00f1ete ha afirmado que no ser\u00e1 una alcaldesa de buenas palabras sino de acci\u00f3n.<\/p>\n\n\n\n<figure class=\"wp-block-gallery columns-3 is-cropped wp-block-gallery-1 is-layout-flex wp-block-gallery-is-layout-flex\"><ul class=\"blocks-gallery-grid\"><li class=\"blocks-gallery-item\"><figure><img loading=\"lazy\" decoding=\"async\" width=\"743\" height=\"1024\" src=\"https:\/\/www.areabesos.com\/diario\/wp-content\/uploads\/2021\/04\/filo06-743x1024.jpg\" alt=\"\" data-id=\"2843\" data-full-url=\"https:\/\/www.areabesos.com\/diario\/wp-content\/uploads\/2021\/04\/filo06.jpg\" data-link=\"https:\/\/www.areabesos.com\/diario\/?attachment_id=2843\" class=\"wp-image-2843\" srcset=\"https:\/\/www.areabesos.com\/diario\/wp-content\/uploads\/2021\/04\/filo06-743x1024.jpg 743w, https:\/\/www.areabesos.com\/diario\/wp-content\/uploads\/2021\/04\/filo06-218x300.jpg 218w, https:\/\/www.areabesos.com\/diario\/wp-content\/uploads\/2021\/04\/filo06-768x1058.jpg 768w, https:\/\/www.areabesos.com\/diario\/wp-content\/uploads\/2021\/04\/filo06-150x207.jpg 150w, https:\/\/www.areabesos.com\/diario\/wp-content\/uploads\/2021\/04\/filo06-300x413.jpg 300w, https:\/\/www.areabesos.com\/diario\/wp-content\/uploads\/2021\/04\/filo06-696x959.jpg 696w, https:\/\/www.areabesos.com\/diario\/wp-content\/uploads\/2021\/04\/filo06.jpg 871w\" sizes=\"auto, (max-width: 743px) 100vw, 743px\" \/><\/figure><\/li><li class=\"blocks-gallery-item\"><figure><img loading=\"lazy\" decoding=\"async\" width=\"1024\" height=\"576\" src=\"https:\/\/www.areabesos.com\/diario\/wp-content\/uploads\/2021\/04\/filo04-1024x576.jpg\" alt=\"\" data-id=\"2841\" data-full-url=\"https:\/\/www.areabesos.com\/diario\/wp-content\/uploads\/2021\/04\/filo04.jpg\" data-link=\"https:\/\/www.areabesos.com\/diario\/?attachment_id=2841\" class=\"wp-image-2841\" srcset=\"https:\/\/www.areabesos.com\/diario\/wp-content\/uploads\/2021\/04\/filo04-1024x576.jpg 1024w, https:\/\/www.areabesos.com\/diario\/wp-content\/uploads\/2021\/04\/filo04-300x169.jpg 300w, https:\/\/www.areabesos.com\/diario\/wp-content\/uploads\/2021\/04\/filo04-768x432.jpg 768w, https:\/\/www.areabesos.com\/diario\/wp-content\/uploads\/2021\/04\/filo04-150x84.jpg 150w, https:\/\/www.areabesos.com\/diario\/wp-content\/uploads\/2021\/04\/filo04-696x392.jpg 696w, https:\/\/www.areabesos.com\/diario\/wp-content\/uploads\/2021\/04\/filo04-1068x601.jpg 1068w, https:\/\/www.areabesos.com\/diario\/wp-content\/uploads\/2021\/04\/filo04.jpg 1200w\" sizes=\"auto, (max-width: 1024px) 100vw, 1024px\" \/><\/figure><\/li><li class=\"blocks-gallery-item\"><figure><img loading=\"lazy\" decoding=\"async\" width=\"1024\" height=\"891\" src=\"https:\/\/www.areabesos.com\/diario\/wp-content\/uploads\/2021\/04\/filo03-1024x891.jpg\" alt=\"\" data-id=\"2840\" data-full-url=\"https:\/\/www.areabesos.com\/diario\/wp-content\/uploads\/2021\/04\/filo03.jpg\" data-link=\"https:\/\/www.areabesos.com\/diario\/?attachment_id=2840\" class=\"wp-image-2840\" srcset=\"https:\/\/www.areabesos.com\/diario\/wp-content\/uploads\/2021\/04\/filo03-1024x891.jpg 1024w, https:\/\/www.areabesos.com\/diario\/wp-content\/uploads\/2021\/04\/filo03-300x261.jpg 300w, https:\/\/www.areabesos.com\/diario\/wp-content\/uploads\/2021\/04\/filo03-768x668.jpg 768w, https:\/\/www.areabesos.com\/diario\/wp-content\/uploads\/2021\/04\/filo03-150x131.jpg 150w, https:\/\/www.areabesos.com\/diario\/wp-content\/uploads\/2021\/04\/filo03-696x606.jpg 696w, https:\/\/www.areabesos.com\/diario\/wp-content\/uploads\/2021\/04\/filo03-1068x929.jpg 1068w, https:\/\/www.areabesos.com\/diario\/wp-content\/uploads\/2021\/04\/filo03.jpg 1200w\" sizes=\"auto, (max-width: 1024px) 100vw, 1024px\" \/><\/figure><\/li><li class=\"blocks-gallery-item\"><figure><img loading=\"lazy\" decoding=\"async\" width=\"1024\" height=\"576\" src=\"https:\/\/www.areabesos.com\/diario\/wp-content\/uploads\/2021\/04\/filo02-1024x576.jpg\" alt=\"\" data-id=\"2839\" data-full-url=\"https:\/\/www.areabesos.com\/diario\/wp-content\/uploads\/2021\/04\/filo02.jpg\" data-link=\"https:\/\/www.areabesos.com\/diario\/?attachment_id=2839\" class=\"wp-image-2839\" srcset=\"https:\/\/www.areabesos.com\/diario\/wp-content\/uploads\/2021\/04\/filo02-1024x576.jpg 1024w, https:\/\/www.areabesos.com\/diario\/wp-content\/uploads\/2021\/04\/filo02-300x169.jpg 300w, https:\/\/www.areabesos.com\/diario\/wp-content\/uploads\/2021\/04\/filo02-768x432.jpg 768w, https:\/\/www.areabesos.com\/diario\/wp-content\/uploads\/2021\/04\/filo02-150x84.jpg 150w, https:\/\/www.areabesos.com\/diario\/wp-content\/uploads\/2021\/04\/filo02-696x392.jpg 696w, https:\/\/www.areabesos.com\/diario\/wp-content\/uploads\/2021\/04\/filo02-1068x601.jpg 1068w, https:\/\/www.areabesos.com\/diario\/wp-content\/uploads\/2021\/04\/filo02.jpg 1200w\" sizes=\"auto, (max-width: 1024px) 100vw, 1024px\" \/><\/figure><\/li><li class=\"blocks-gallery-item\"><figure><img loading=\"lazy\" decoding=\"async\" width=\"1020\" height=\"584\" src=\"https:\/\/www.areabesos.com\/diario\/wp-content\/uploads\/2021\/04\/filo.jpg\" alt=\"\" data-id=\"2838\" data-full-url=\"https:\/\/www.areabesos.com\/diario\/wp-content\/uploads\/2021\/04\/filo.jpg\" data-link=\"https:\/\/www.areabesos.com\/diario\/?attachment_id=2838\" class=\"wp-image-2838\" srcset=\"https:\/\/www.areabesos.com\/diario\/wp-content\/uploads\/2021\/04\/filo.jpg 1020w, https:\/\/www.areabesos.com\/diario\/wp-content\/uploads\/2021\/04\/filo-300x172.jpg 300w, https:\/\/www.areabesos.com\/diario\/wp-content\/uploads\/2021\/04\/filo-768x440.jpg 768w, https:\/\/www.areabesos.com\/diario\/wp-content\/uploads\/2021\/04\/filo-150x86.jpg 150w, https:\/\/www.areabesos.com\/diario\/wp-content\/uploads\/2021\/04\/filo-696x398.jpg 696w\" sizes=\"auto, (max-width: 1020px) 100vw, 1020px\" \/><\/figure><\/li><\/ul><\/figure>\n\n\n\n<p>En sus intervenciones, los portavoces de los grupos han defendido el sentido de su voto. Isabel Marcuello (MES) ha calificado el nuevo gobierno socialista, con dos nuevas incorporaciones por las bajas de Joan Callau y Pedro Rivero, de nobel y muy tierno. \u201cHemos votado al candidato de ERC con la voluntad de reforzar una alternativa a este PSC que parece que piensa que el Ayuntamiento es suyo\u201d.<\/p>\n\n\n\n<p>Gregorio Camacho, de Movem Sant Adri\u00e0 en Com\u00fa, ha recordado que no est\u00e1 inc\u00f3modo por la gesti\u00f3n llevada a cabo durante los ocho a\u00f1os que comparti\u00f3 gobierno con el PSC, y ha asegurado que si sus circunstancias familiares mejoran est\u00e1 dispuesto a entrar en el gobierno, sin retribuciones econ\u00f3micas, para ayudar en lo posible.<\/p>\n\n\n\n<p>Por su parte, Irene Aldabert (Sant Adri\u00e0 en Com\u00fa), ha defendido su voto al candidato de ERC porque este nuevo gobierno es \u201cuna extensi\u00f3n de fuerzas caducas de una forma de gobernar sin rumbo\u201d. Por eso quer\u00edan dar su apoyo a una oposici\u00f3n a la izquierda del PSC.<\/p>\n\n\n\n<p>A pesar de presentar a un candidato propio, Pedro S\u00e1nchez de Ciudadanos se ha puesto a disposici\u00f3n del gobierno socialista para ayudar en todo lo que sea necesario para los ciudadanos de Sant Adri\u00e0.<\/p>\n\n\n\n<p>Por su parte, Rub\u00e8n Arenas (ERC) ha afirmado que el modelo del PSC est\u00e1 agotado y que este nuevo gobierno significa continuidad y un barco sin rumbo. \u201cSant Adri\u00e0 merece otro gobierno, y los ocho votos que hemos recibido hoy demuestran que hay una oposici\u00f3n posible, que podemos colaborar y hacer fuerza\u201d. &nbsp;&nbsp;&nbsp;&nbsp;&nbsp;<\/p>\n\n\n\n<p>Tanto Filo Ca\u00f1ete como Rub\u00e8n Arenas han recordado a las v\u00edctimas adrianenses por la Covid19, 115 a fecha de hoy.<\/p>\n","protected":false},"excerpt":{"rendered":"<p>No ha habido sorpresas, y la candidata socialista Filo Ca\u00f1ete ha sido escogida alcaldesa de Sant Adri\u00e0 de Bes\u00f2s, la primera mujer que ocupa el cargo en la historia adrianense, sustituyendo as\u00ed a Joan Callau, que renunci\u00f3 a la alcald\u00eda el pasado 6 de abril. Ha recibido nueve votos, los ocho de su partido y [&hellip;]<\/p>\n","protected":false},"author":1,"featured_media":2842,"comment_status":"open","ping_status":"open","sticky":false,"template":"","format":"standard","meta":{"footnotes":""},"categories":[134],"tags":[],"class_list":{"0":"post-2837","1":"post","2":"type-post","3":"status-publish","4":"format-standard","5":"has-post-thumbnail","7":"category-actualitat"},"_links":{"self":[{"href":"https:\/\/www.areabesos.com\/diario\/wp-json\/wp\/v2\/posts\/2837","targetHints":{"allow":["GET"]}}],"collection":[{"href":"https:\/\/www.areabesos.com\/diario\/wp-json\/wp\/v2\/posts"}],"about":[{"href":"https:\/\/www.areabesos.com\/diario\/wp-json\/wp\/v2\/types\/post"}],"author":[{"embeddable":true,"href":"https:\/\/www.areabesos.com\/diario\/wp-json\/wp\/v2\/users\/1"}],"replies":[{"embeddable":true,"href":"https:\/\/www.areabesos.com\/diario\/wp-json\/wp\/v2\/comments?post=2837"}],"version-history":[{"count":1,"href":"https:\/\/www.areabesos.com\/diario\/wp-json\/wp\/v2\/posts\/2837\/revisions"}],"predecessor-version":[{"id":2844,"href":"https:\/\/www.areabesos.com\/diario\/wp-json\/wp\/v2\/posts\/2837\/revisions\/2844"}],"wp:featuredmedia":[{"embeddable":true,"href":"https:\/\/www.areabesos.com\/diario\/wp-json\/wp\/v2\/media\/2842"}],"wp:attachment":[{"href":"https:\/\/www.areabesos.com\/diario\/wp-json\/wp\/v2\/media?parent=2837"}],"wp:term":[{"taxonomy":"category","embeddable":true,"href":"https:\/\/www.areabesos.com\/diario\/wp-json\/wp\/v2\/categories?post=2837"},{"taxonomy":"post_tag","embeddable":true,"href":"https:\/\/www.areabesos.com\/diario\/wp-json\/wp\/v2\/tags?post=2837"}],"curies":[{"name":"wp","href":"https:\/\/api.w.org\/{rel}","templated":true}]}}