{"id":2835,"date":"2021-04-07T12:00:00","date_gmt":"2021-04-07T10:00:00","guid":{"rendered":"http:\/\/www.areabesos.com\/diario\/?p=2835"},"modified":"2021-04-07T12:00:04","modified_gmt":"2021-04-07T10:00:04","slug":"ingressa-a-preso-una-dona-per-un-atracament-a-un-supermercat-de-sant-adria","status":"publish","type":"post","link":"https:\/\/www.areabesos.com\/diario\/ingressa-a-preso-una-dona-per-un-atracament-a-un-supermercat-de-sant-adria\/","title":{"rendered":"Ingressa a pres\u00f3 una dona per un atracament a un supermercat de Sant Adri\u00e0"},"content":{"rendered":"\n<p>Agents de la Policia de la Generalitat &#8211; Mossos d\u2019Esquadra de la comissaria de districte de Sant Adri\u00e0 del Bes\u00f2s van detenir l\u20191 d\u2019abril una dona, de 33 anys i nacionalitat espanyola, com a presumpta autora d\u2019un robatori amb viol\u00e8ncia i intimidaci\u00f3 i de danys en un establiment de menjar del mateix municipi.<\/p>\n\n\n\n<p>Els fets van tenir lloc l\u20191 d\u2019abril a les 08:30 hores quan dues patrulles, que feien tasques de seguretat ciutadana, van rebre l\u2019av\u00eds d\u2019un robatori amb arma blanca en un establiment d\u2019alimentaci\u00f3 de l\u2019Avinguda Platja de la localitat de Sant Adri\u00e0 del Bes\u00f2s. En arribar al lloc, els agents van visionar les imatges de l\u2019establiment i, es va donar la circumst\u00e0ncia que van recon\u00e8ixer la presumpta autora dels fets, ja que havia estat detinguda en altres ocasions. La dona amena\u00e7ava el botiguer amb un ganivet de grans dimensions i incl\u00fas, en un moment concret, va allargar el bra\u00e7 i va tallar la m\u00e0niga de la jaqueta a l\u2019home.<\/p>\n\n\n\n<p>Els agents van informar de la identitat de la presumpta autora a la resta de patrulles i la dona va ser localitzada al cap de poc dins d\u2019un bar de la mateixa localitat. En l\u2019escorcoll, els policies li van localitzar l\u2019arma blanca en una butxaca del pantal\u00f3.<\/p>\n\n\n\n<p>La dona va quedar detinguda com a presumpta autora d\u2019un delicte de danys i d\u2019un delicte de robatori amb viol\u00e8ncia i intimidaci\u00f3.<\/p>\n\n\n\n<p>L\u2019arrestada va passar a disposici\u00f3 judicial l\u2019endem\u00e0 al jutjat de gu\u00e0rdia de Badalona qui va decretar ingr\u00e9s a pres\u00f3.<\/p>\n","protected":false},"excerpt":{"rendered":"<p>Agents de la Policia de la Generalitat &#8211; Mossos d\u2019Esquadra de la comissaria de districte de Sant Adri\u00e0 del Bes\u00f2s van detenir l\u20191 d\u2019abril una dona, de 33 anys i nacionalitat espanyola, com a presumpta autora d\u2019un robatori amb viol\u00e8ncia i intimidaci\u00f3 i de danys en un establiment de menjar del mateix municipi. Els fets [&hellip;]<\/p>\n","protected":false},"author":2,"featured_media":1531,"comment_status":"open","ping_status":"open","sticky":false,"template":"","format":"standard","meta":{"footnotes":""},"categories":[134],"tags":[],"class_list":{"0":"post-2835","1":"post","2":"type-post","3":"status-publish","4":"format-standard","5":"has-post-thumbnail","7":"category-actualitat"},"_links":{"self":[{"href":"https:\/\/www.areabesos.com\/diario\/wp-json\/wp\/v2\/posts\/2835","targetHints":{"allow":["GET"]}}],"collection":[{"href":"https:\/\/www.areabesos.com\/diario\/wp-json\/wp\/v2\/posts"}],"about":[{"href":"https:\/\/www.areabesos.com\/diario\/wp-json\/wp\/v2\/types\/post"}],"author":[{"embeddable":true,"href":"https:\/\/www.areabesos.com\/diario\/wp-json\/wp\/v2\/users\/2"}],"replies":[{"embeddable":true,"href":"https:\/\/www.areabesos.com\/diario\/wp-json\/wp\/v2\/comments?post=2835"}],"version-history":[{"count":1,"href":"https:\/\/www.areabesos.com\/diario\/wp-json\/wp\/v2\/posts\/2835\/revisions"}],"predecessor-version":[{"id":2836,"href":"https:\/\/www.areabesos.com\/diario\/wp-json\/wp\/v2\/posts\/2835\/revisions\/2836"}],"wp:featuredmedia":[{"embeddable":true,"href":"https:\/\/www.areabesos.com\/diario\/wp-json\/wp\/v2\/media\/1531"}],"wp:attachment":[{"href":"https:\/\/www.areabesos.com\/diario\/wp-json\/wp\/v2\/media?parent=2835"}],"wp:term":[{"taxonomy":"category","embeddable":true,"href":"https:\/\/www.areabesos.com\/diario\/wp-json\/wp\/v2\/categories?post=2835"},{"taxonomy":"post_tag","embeddable":true,"href":"https:\/\/www.areabesos.com\/diario\/wp-json\/wp\/v2\/tags?post=2835"}],"curies":[{"name":"wp","href":"https:\/\/api.w.org\/{rel}","templated":true}]}}