{"id":2831,"date":"2021-04-06T15:17:00","date_gmt":"2021-04-06T13:17:00","guid":{"rendered":"http:\/\/www.areabesos.com\/diario\/?p=2831"},"modified":"2021-04-07T10:21:36","modified_gmt":"2021-04-07T08:21:36","slug":"badalona-santa-coloma-de-gramenet-i-sant-adria-de-besos-presenten-una-alianca-per-a-la-recuperacio-de-la-comarca-del-barcelones-nord-besos","status":"publish","type":"post","link":"https:\/\/www.areabesos.com\/diario\/badalona-santa-coloma-de-gramenet-i-sant-adria-de-besos-presenten-una-alianca-per-a-la-recuperacio-de-la-comarca-del-barcelones-nord-besos\/","title":{"rendered":"Badalona, Santa Coloma de Gramenet i Sant Adri\u00e0 de Bes\u00f2s presenten una Alian\u00e7a per a la recuperaci\u00f3 de la comarca del Barcelon\u00e8s Nord-Bes\u00f2s"},"content":{"rendered":"\n<p>L\u2019alcalde de Sant Adri\u00e0 de Bes\u00f2s, Joan Callau; l&#8217;alcaldessa de Santa Coloma de Gramenet, N\u00faria Parlon, i l&#8217;alcalde de Badalona, Xavier Garcia Albiol, han presentat aquest migdia a la Sala Pin\u00f3s de la Biblioteca Font de La Mina de Sant Adri\u00e0 de Bes\u00f3s, el Manifest \u201cAlian\u00e7a per a la recuperaci\u00f3 de la comarca del Barcelon\u00e8s Nord-Bes\u00f2s\u201d.<\/p>\n\n\n\n<p>En l\u2019acte de presentaci\u00f3 s\u2019ha destacat que \u201cla desaparici\u00f3 del consell comarcal del Barcelon\u00e8s el desembre de 2019 ha deixat els municipis de la riba nord del Bes\u00f2s sense una estructura institucional de coordinaci\u00f3 entre els ajuntaments d\u2019aquest entorn\u201d i que tots tres municipis volen tenir, en representaci\u00f3 dels m\u00e9s de 400.000 ciutadans i ciutadanes que hi viuen, una interlocuci\u00f3 amb la Generalitat de Catalunya i la resta d\u2019administracions p\u00fabliques, incloses les de l\u2019\u00e0mbit europeu. Tots tres municipis volen superar les dificultats per a la gesti\u00f3 dels serveis d\u2019abast comarca i la coordinaci\u00f3 necess\u00e0ria dels recursos existents per impulsar pol\u00edtiques estrat\u00e8giques per al desenvolupament d\u2019aquest territori.<\/p>\n\n\n\n<p>Els alcaldes de Badalona i Sant Adri\u00e0 de Bes\u00f2s i l\u2019alcaldessa de Santa Coloma de Gramenet han volgut remarcar en els seus parlaments que la pand\u00e8mia de la Covid19 ha posat al descobert les mancances i les oportunitats d\u2019un territori castigat i empobrit econ\u00f2micament i que no ha estat mai el dest\u00ed de les inversions fetes els darrers 30 anys per la Generalitat de Catalunya. Per aix\u00f2, a trav\u00e9s del Manifest presentat avui, poder aprofitar els potencials que aquest territori t\u00e9 i es reclamen plans d\u2019actuacions i inversions estrat\u00e8giques que permetin oferir oportunitats de progr\u00e9s i de feina, amb una reindustrialitzaci\u00f3 i amb una atracci\u00f3 d\u2019inversions per tal de generar ocupaci\u00f3.<\/p>\n\n\n\n<p>El Manifest presentat reclama un marc \u201csupralocal que vagi m\u00e9s enll\u00e0 de la riba del Bes\u00f2s\u201d i que \u00e9s del tot necessari un lideratge metropolit\u00e0 per a desenvolupar projectes estrat\u00e8gics de desenvolupament econ\u00f2mic i social.<\/p>\n\n\n\n<p>L\u2019alcalde de Badalona, Xavier Garcia Albiol, ha destacat que \u201creclamem el reconeixement i el suport que ens mereixem, volem situar els nostres municipis al lloc que els pertoca i no ens resignem al paper de convertir-nos en el traster metropolit\u00e0 d\u2019all\u00f2 que no agradi a la capital\u201d. \u201cTenim una realitat de pobresa i d\u2019atur, per\u00f2 tamb\u00e9 creiem fermament que som un territori de grans oportunitats i potencialitats que podem portar m\u00e9s enll\u00e0 de l\u2019\u00e0mbit metropolit\u00e0\u201d.<\/p>\n\n\n\n<div><a href=\"https:\/\/www.areabesos.com\/diario\/wp-content\/uploads\/2021\/04\/alianza02-1024x683.jpg\" class=\"td-modal-image\"><figure class=\"wp-block-image size-large\"><img loading=\"lazy\" decoding=\"async\" width=\"1024\" height=\"683\" src=\"https:\/\/www.areabesos.com\/diario\/wp-content\/uploads\/2021\/04\/alianza02-1024x683.jpg\" alt=\"\" class=\"wp-image-2832\" srcset=\"https:\/\/www.areabesos.com\/diario\/wp-content\/uploads\/2021\/04\/alianza02-1024x683.jpg 1024w, https:\/\/www.areabesos.com\/diario\/wp-content\/uploads\/2021\/04\/alianza02-300x200.jpg 300w, https:\/\/www.areabesos.com\/diario\/wp-content\/uploads\/2021\/04\/alianza02-768x512.jpg 768w, https:\/\/www.areabesos.com\/diario\/wp-content\/uploads\/2021\/04\/alianza02-150x100.jpg 150w, https:\/\/www.areabesos.com\/diario\/wp-content\/uploads\/2021\/04\/alianza02-696x464.jpg 696w, https:\/\/www.areabesos.com\/diario\/wp-content\/uploads\/2021\/04\/alianza02-1068x712.jpg 1068w, https:\/\/www.areabesos.com\/diario\/wp-content\/uploads\/2021\/04\/alianza02.jpg 1200w\" sizes=\"auto, (max-width: 1024px) 100vw, 1024px\" \/><figcaption><em>Joan Callau, alcalde de Sant Adri\u00e0, durant la seva intervenci\u00f3 a l&#8217;acte.<\/em><\/figcaption><\/figure><\/a><\/div>\n\n\n\n<p>Per a l\u2019alcalde de Sant Adri\u00e0 de Bes\u00f2s, Joan Callau, aquesta alian\u00e7a dels tres municipis \u00e9s \u201cuna crida perqu\u00e8 ens facin cas, \u00e9s la millor manera de buscar complicitats i suports per a projectes comuns que millorin les condicions econ\u00f2miques i socials d\u2019aquest territori \u201c.<\/p>\n\n\n\n<p>L\u2019alcaldessa de Santa Coloma de Gramenet, Nuria Parlon, ha ressaltat que \u201cper sobre de difer\u00e8ncies ideol\u00f2giques volem que Generalitat i l\u2019Estat ens tinguin presents en dotar-nos de recursos i en oferir-nos el suport per a projectes i estrat\u00e8gies de desenvolupament econ\u00f2mic i social, amb els estralls de la pand\u00e8mia, aquest territori no pot esperar m\u00e9s\u201d. A m\u00e9s, l\u2019alcaldessa ha reclamat una \u201cLlei integral de barris que ajudi a tots els ajuntaments a abordar les q\u00fcestions d\u2019urbanisme, socials, d\u2019ocupaci\u00f3 i de seguretat que ens afecta al conjunt d\u2019ajuntaments\u201d.<\/p>\n\n\n\n<p>Els m\u00e0xims responsables municipals han anunciat que en les pr\u00f2ximes setmanes mantindran trobades amb les principals institucions de Catalunya i de l\u2019Estat per demanar col\u00b7laboraci\u00f3 i per impulsar totes les potencialitats que els tres municipis ofereixen.<\/p>\n\n\n\n<p>En aquest <a href=\"http:\/\/www.sant-adria.net\/sant-adria-per-temes\/alcaldia\/documents\/manifest-alianca-barcelones\" target=\"_blank\" rel=\"noreferrer noopener\">enlla\u00e7 <\/a>es pot trobar el manifest Alian\u00e7a per a la recuperaci\u00f3 de la comarca del Barcelon\u00e8s Nord-Bes\u00f2s.<\/p>\n","protected":false},"excerpt":{"rendered":"<p>L\u2019alcalde de Sant Adri\u00e0 de Bes\u00f2s, Joan Callau; l&#8217;alcaldessa de Santa Coloma de Gramenet, N\u00faria Parlon, i l&#8217;alcalde de Badalona, Xavier Garcia Albiol, han presentat aquest migdia a la Sala Pin\u00f3s de la Biblioteca Font de La Mina de Sant Adri\u00e0 de Bes\u00f3s, el Manifest \u201cAlian\u00e7a per a la recuperaci\u00f3 de la comarca del Barcelon\u00e8s [&hellip;]<\/p>\n","protected":false},"author":1,"featured_media":2833,"comment_status":"open","ping_status":"open","sticky":false,"template":"","format":"standard","meta":{"footnotes":""},"categories":[134],"tags":[],"class_list":{"0":"post-2831","1":"post","2":"type-post","3":"status-publish","4":"format-standard","5":"has-post-thumbnail","7":"category-actualitat"},"_links":{"self":[{"href":"https:\/\/www.areabesos.com\/diario\/wp-json\/wp\/v2\/posts\/2831","targetHints":{"allow":["GET"]}}],"collection":[{"href":"https:\/\/www.areabesos.com\/diario\/wp-json\/wp\/v2\/posts"}],"about":[{"href":"https:\/\/www.areabesos.com\/diario\/wp-json\/wp\/v2\/types\/post"}],"author":[{"embeddable":true,"href":"https:\/\/www.areabesos.com\/diario\/wp-json\/wp\/v2\/users\/1"}],"replies":[{"embeddable":true,"href":"https:\/\/www.areabesos.com\/diario\/wp-json\/wp\/v2\/comments?post=2831"}],"version-history":[{"count":1,"href":"https:\/\/www.areabesos.com\/diario\/wp-json\/wp\/v2\/posts\/2831\/revisions"}],"predecessor-version":[{"id":2834,"href":"https:\/\/www.areabesos.com\/diario\/wp-json\/wp\/v2\/posts\/2831\/revisions\/2834"}],"wp:featuredmedia":[{"embeddable":true,"href":"https:\/\/www.areabesos.com\/diario\/wp-json\/wp\/v2\/media\/2833"}],"wp:attachment":[{"href":"https:\/\/www.areabesos.com\/diario\/wp-json\/wp\/v2\/media?parent=2831"}],"wp:term":[{"taxonomy":"category","embeddable":true,"href":"https:\/\/www.areabesos.com\/diario\/wp-json\/wp\/v2\/categories?post=2831"},{"taxonomy":"post_tag","embeddable":true,"href":"https:\/\/www.areabesos.com\/diario\/wp-json\/wp\/v2\/tags?post=2831"}],"curies":[{"name":"wp","href":"https:\/\/api.w.org\/{rel}","templated":true}]}}