{"id":2825,"date":"2021-04-06T11:44:37","date_gmt":"2021-04-06T09:44:37","guid":{"rendered":"http:\/\/www.areabesos.com\/diario\/?p=2825"},"modified":"2021-04-06T11:44:41","modified_gmt":"2021-04-06T09:44:41","slug":"joan-callau-renuncia-aquesta-tarda-al-carrec-en-un-ple-extraordinari","status":"publish","type":"post","link":"https:\/\/www.areabesos.com\/diario\/joan-callau-renuncia-aquesta-tarda-al-carrec-en-un-ple-extraordinari\/","title":{"rendered":"Joan Callau renuncia aquesta tarda al c\u00e0rrec en un ple extraordinari"},"content":{"rendered":"\n<p>Avui, a les 19 hores, dimitir\u00e0 oficialment Joan Callau com a alcalde de Sant Adri\u00e0 de Bes\u00f2s. Ho far\u00e0 en un ple extraordinari que es dur\u00e0 a terme per videoconfer\u00e8ncia i que es podr\u00e0 seguir en aquest <a rel=\"noreferrer noopener\" href=\"http:\/\/sessions.sant-adria.net\/sesiones\/SP_CAT_BARP0819300E0.PLENOS.2021040601?lang=ca-ES\" target=\"_blank\">enlla\u00e7<\/a>. Filo Ca\u00f1ete, alcaldessa accidental i candidata del PSC a ocupar el c\u00e0rrec, ser\u00e0 l&#8217;encarregada d&#8217;anunciar el ple d&#8217;investidura que es dur\u00e0 a terme en pocs dies.<\/p>\n\n\n\n<p>Abans que deixi el c\u00e0rrec, Joan Callau far\u00e0 el seu \u00faltim acte com a alcalde adrianenc participant en una confer\u00e8ncia amb els alcaldes de Badalona i Santa Coloma de Gramenet reivindicant el paper del municipalisme a la Sala Pin\u00f3s de la Biblioteca de la Mina.  <\/p>\n\n\n\n<p><\/p>\n","protected":false},"excerpt":{"rendered":"<p>Avui, a les 19 hores, dimitir\u00e0 oficialment Joan Callau com a alcalde de Sant Adri\u00e0 de Bes\u00f2s. Ho far\u00e0 en un ple extraordinari que es dur\u00e0 a terme per videoconfer\u00e8ncia i que es podr\u00e0 seguir en aquest enlla\u00e7. Filo Ca\u00f1ete, alcaldessa accidental i candidata del PSC a ocupar el c\u00e0rrec, ser\u00e0 l&#8217;encarregada d&#8217;anunciar el ple [&hellip;]<\/p>\n","protected":false},"author":2,"featured_media":2803,"comment_status":"open","ping_status":"open","sticky":false,"template":"","format":"standard","meta":{"footnotes":""},"categories":[134],"tags":[],"class_list":{"0":"post-2825","1":"post","2":"type-post","3":"status-publish","4":"format-standard","5":"has-post-thumbnail","7":"category-actualitat"},"_links":{"self":[{"href":"https:\/\/www.areabesos.com\/diario\/wp-json\/wp\/v2\/posts\/2825","targetHints":{"allow":["GET"]}}],"collection":[{"href":"https:\/\/www.areabesos.com\/diario\/wp-json\/wp\/v2\/posts"}],"about":[{"href":"https:\/\/www.areabesos.com\/diario\/wp-json\/wp\/v2\/types\/post"}],"author":[{"embeddable":true,"href":"https:\/\/www.areabesos.com\/diario\/wp-json\/wp\/v2\/users\/2"}],"replies":[{"embeddable":true,"href":"https:\/\/www.areabesos.com\/diario\/wp-json\/wp\/v2\/comments?post=2825"}],"version-history":[{"count":1,"href":"https:\/\/www.areabesos.com\/diario\/wp-json\/wp\/v2\/posts\/2825\/revisions"}],"predecessor-version":[{"id":2826,"href":"https:\/\/www.areabesos.com\/diario\/wp-json\/wp\/v2\/posts\/2825\/revisions\/2826"}],"wp:featuredmedia":[{"embeddable":true,"href":"https:\/\/www.areabesos.com\/diario\/wp-json\/wp\/v2\/media\/2803"}],"wp:attachment":[{"href":"https:\/\/www.areabesos.com\/diario\/wp-json\/wp\/v2\/media?parent=2825"}],"wp:term":[{"taxonomy":"category","embeddable":true,"href":"https:\/\/www.areabesos.com\/diario\/wp-json\/wp\/v2\/categories?post=2825"},{"taxonomy":"post_tag","embeddable":true,"href":"https:\/\/www.areabesos.com\/diario\/wp-json\/wp\/v2\/tags?post=2825"}],"curies":[{"name":"wp","href":"https:\/\/api.w.org\/{rel}","templated":true}]}}