{"id":2820,"date":"2021-04-03T11:29:00","date_gmt":"2021-04-03T09:29:00","guid":{"rendered":"http:\/\/www.areabesos.com\/diario\/?p=2820"},"modified":"2021-04-06T11:32:53","modified_gmt":"2021-04-06T09:32:53","slug":"perez-de-los-cobos-marlaska-la-critarquia-y-la-rae","status":"publish","type":"post","link":"https:\/\/www.areabesos.com\/diario\/perez-de-los-cobos-marlaska-la-critarquia-y-la-rae\/","title":{"rendered":"P\u00e9rez de los Cobos, Marlaska, la \u201ccritarqu\u00eda\u201d y la RAE"},"content":{"rendered":"\n<p>Escribo \u201ccritarqu\u00eda\u201d en la RAE y la respuesta es \u201cAviso: la palabra critarqu\u00eda no est\u00e1 en el Diccionario\u201d.<\/p>\n\n\n\n<p>En cambio, escribo \u201ccritarqu\u00eda\u201d en Google y aparecen 1.790 resultados, el primero de Wikipedia, donde se dice que \u201c<em>la critarqu\u00eda es el gobierno de los jueces del antiguo Israel durante el periodo de tiempo descrito en el Libro de los Jueces<\/em>\u201d.<\/p>\n\n\n\n<p>No es que en esta ocasi\u00f3n la RAE haya sido lenta en la incorporaci\u00f3n de nuevas palabras, cosa que se le critica. En cambio, parece que no le cuesta mucho despreciar t\u00e9rminos cl\u00e1sicos. Otro d\u00eda buscar\u00e9 si la Academia ofrece algo para el concepto \u201cgobierno de los jueces\u201d, unos funcionarios que, cuando se dedican a mandar, lo hacen con tanto acierto que algunas de sus sentencias van a pasar a los libros de historia como decisivas en la descomposici\u00f3n territorial de un Reino cuya unidad defend\u00edan a cualquier precio. &nbsp;<\/p>\n\n\n\n<p>Pero vayamos por orden.<\/p>\n\n\n\n<p><strong>Diego P\u00e9rez de los Cobos<\/strong>. La sentencia provisional a su favor, que puede tardar hasta 4 a\u00f1os en alcanzar firmeza, o no, no habr\u00eda sido posible en esas democracias en las que S\u00e1nchez y Casado pretenden que pensemos cuando presumen de la del Reino de Espa\u00f1a.<\/p>\n\n\n\n<p>Entre los muchos \u201cm\u00e9ritos\u201d de un cesado que, tras ganar este contencioso, est\u00e1 recibiendo apoyos incondicionales de PP, Ciudadanos y Vox, entre otros, conviene recordar que cuando vio a Tejero entrando en el Congreso al grito de \u201ctodos al suelo\u201d se visti\u00f3 de falangista y se present\u00f3 en el cuartel de la Guardia Civil de Yecla para ponerse a las \u00f3rdenes de los golpistas.<\/p>\n\n\n\n<p>En cualquiera de esas democracias, \u201ccomparables a la nuestra\u201d que dicen los presumidos, cualquier \u201cP\u00e9rez de los Cobos\u201d habr\u00eda sido inhabilitado para toda funci\u00f3n p\u00fablica y toda la vida, especialmente si implica la utilizaci\u00f3n de armas.<\/p>\n\n\n\n<p>El hecho de que P\u00e9rez de los Cobos, que tambi\u00e9n apareci\u00f3 en unas torturas marca \u201cGAL\u201d con condenas solo para sus inferiores, haya sido alguien importante durante tantos a\u00f1os certifica la verdad pol\u00edtica del Reino de Espa\u00f1a.<\/p>\n\n\n\n<p><strong>Fernando Grande-Marlaska<\/strong>. Destituy\u00f3 a P\u00e9rez de los Cobos de un cargo de libre designaci\u00f3n por no informarle de la investigaci\u00f3n que estaba realizando, por orden judicial, sobre la manifestaci\u00f3n feminista del 8 de marzo de 2020 en Madrid, la misma por la que Casado ha estado acusando a S\u00e1nchez de ser el responsable de miles de muertos. Y eso que los de Casado participaron, seguramente confiando tambi\u00e9n en el mismo Fernando Sim\u00f3n que unas semanas antes hab\u00eda declarado que \u201c<em>en Espa\u00f1a apenas habr\u00e1 alg\u00fan caso<\/em>\u201d.<\/p>\n\n\n\n<p>De repente pasa un a\u00f1o y Marlaska decide prohibir la misma manifestaci\u00f3n de Madrid, a pesar de que la vacunaci\u00f3n hab\u00eda comenzado, la tercera ola retroced\u00eda y la cuarta a\u00fan no se anunciaba. Adem\u00e1s, autoriz\u00f3 las feministas de otras capitales y tambi\u00e9n otras convocadas por ultraderechistas.<\/p>\n\n\n\n<p>\u00bfEstaba pensando Marlaska en alguna Espada de Damocles en forma de una sentencia que ser\u00eda dictada de un momento a otro?<\/p>\n\n\n\n<p>Se da la paradoja de que es el ministro de un Gobierno que pocas semanas antes hab\u00eda prescindido de su ministro de Sanidad para enviarlo a que animara una movilizaci\u00f3n social mucho m\u00e1s peligrosa para la salud p\u00fablica que cualquier manifestaci\u00f3n, pues el n\u00famero total de personas que salieron a la calle fue de 2.874.610, es decir, muchas m\u00e1s de las que participar\u00edan en cualquier movida feminista.<\/p>\n\n\n\n<p>Me refiero a las elecciones del 14F en Catalunya, que se celebraron en contra de la voluntad de sus convocantes y de todos los parlamentarios, menos los \u201csocialistas\u201d del gobierno de S\u00e1nchez y Marlaska, que tuvieron que recurrir a la \u201ccritarqu\u00eda\u201d para asegurar en las urnas el \u201cefecto Illa\u201d.<\/p>\n\n\n\n<p>\u201c<strong>Critarqu\u00eda<\/strong>\u201d. Aclarado lo que significa, veremos los peligros que implica.<\/p>\n\n\n\n<p>Nada mejor para recordar viejos miedos que leer titulares como los de \u201cEl Mundo\u201d. All\u00ed descubro algunos de esos \u201cotros\u201d, esta vez armados que, adem\u00e1s de los del PP, Ciudadanos y Vox, est\u00e1n aplaudiendo la sentencia contra Marlaska.<\/p>\n\n\n\n<p>\u201c<em>La Guardia Civil celebra la sentencia de P\u00e9rez de los Cobos: \u2018Nos blinda de las injerencias en las investigaciones pol\u00edticas\u2019<\/em>\u201d es el t\u00edtulo de la noticia y la primera pregunta, inevitable, es la siguiente:<\/p>\n\n\n\n<p>\u00bfA qui\u00e9n encarga un juez una investigaci\u00f3n sobre un posible delito, a una instituci\u00f3n o a un mando elegido por \u00e9l mismo, con nombres y apellidos?<\/p>\n\n\n\n<p>Si la respuesta es \u201ca una instituci\u00f3n\u201d se sobreentiende que el juez se debe limitar a exigir resultados y evaluarlos, al margen de las personas que en cada momento ocupen los puestos de responsabilidad a cualquier nivel. Siguen dos preguntas que vuelven a ser inevitables:<\/p>\n\n\n\n<p>\u00bfRecibi\u00f3 el juez los resultados de la investigaci\u00f3n requerida, con o sin P\u00e9rez de los Cobos? \u00bfLe sirvieron para resolver la demanda?<\/p>\n\n\n\n<p>En cambio, si la respuesta a la primera pregunta fuera \u201cun mando elegido por el juez, con nombres y apellidos\u201d, ning\u00fan ministro querr\u00eda nombrar a alguien que despu\u00e9s no puede destituir libremente sin arriesgarse a una condena. Me temo que terminar\u00eda cayendo todo el entramado que sostiene al poder ejecutivo.<\/p>\n\n\n\n<p>En ese caso, abro par\u00e9ntesis, ser\u00eda preferible que en lugar del poder judicial quien mandara fuera el poder parlamentario. Al menos, lo elegimos entre todos.<\/p>\n\n\n\n<p>A la vista de que el juez del contencioso ha condenado las intenciones de un ministro, las que se ocultar\u00edan, presuntamente, tras una destituci\u00f3n, habr\u00eda que preguntarse por qu\u00e9 no se inst\u00f3 una demanda contra el propio P\u00e9rez de los Cobos, alguien que se ha ganado a pulso la condici\u00f3n de \u201csospechoso habitual\u201d para hacer da\u00f1o a cualquier gobierno \u201csocial-comunista\u201d, quien sabe si incluso alterando las pruebas a su alcance.<\/p>\n\n\n\n<p>\u00bfPuede la respuesta pertenecer al mismo mundo en el que vive la negativa del juez de la \u201ckitchen\u201d a investigar el tel\u00e9fono m\u00f3vil de otro sospechoso tan presunto como el ex ministro Fern\u00e1ndez D\u00edaz?<\/p>\n\n\n\n<p>Me temo que la \u201ccritarqu\u00eda\u201d espa\u00f1ola siempre rema en el mismo sentido y Marlaska no se entera, pues actu\u00f3 como un pardillo con el cese de P\u00e9rez de los Cobos.<\/p>\n\n\n\n<p>En cualquier empresa, los despidos no pactados se preparan mucho mejor.<\/p>\n\n\n\n<p>Busco un momento cumbre de nuestra \u201ccritarqu\u00eda\u201d y abro el bolet\u00edn \u201cNoticias Jur\u00eddicas\u201d del d\u00eda 3 de noviembre de 2016 para leer el siguiente titular: \u201c<em>El TC avala la constitucionalidad de la reforma de su ley reguladora para permitirle la ejecuci\u00f3n de sentencias<\/em>\u201d. Sonr\u00edo.<\/p>\n\n\n\n<p>Imag\u00ednese usted que es el titular de algo, le conceden m\u00e1s poder y es usted mismo quien tiene que decidir si tal regalo le parece legal. Sonrisa es poco. El teatro que se construye el Reino de Espa\u00f1a para blindarse contra el ejercicio de la democracia sin apellidos es de risa desencajada.<\/p>\n\n\n\n<p>Unas l\u00edneas m\u00e1s abajo del mismo art\u00edculo leo tambi\u00e9n que \u201c<em>El TC es un verdadero \u00f3rgano jurisdiccional<\/em>\u201d. Entonces abro la Constituci\u00f3n y confirmo que su \u201cT\u00edtulo VI\u201d se denomina \u201cDel Poder Judicial\u201d, pero que despu\u00e9s hay otro T\u00edtulo, el IX, que se denomina \u201cDel Tribunal Constitucional\u201d.<\/p>\n\n\n\n<p>\u00bfDos t\u00edtulos enteros y distintos de una misma Constituci\u00f3n para el tercer poder del Estado?<\/p>\n\n\n\n<p>Confirmado: o desmontamos la \u201ccritarqu\u00eda\u201d espa\u00f1ola o la critarqu\u00eda espa\u00f1ola terminar\u00e1 judicializando hasta el aire que respiramos mientras lo estamos respirando.<\/p>\n\n\n\n<p>Regreso al principio para terminar. La RAE ya me decepcion\u00f3 cuando descubr\u00ed que, solo faltar\u00eda, s\u00ed que incluye el t\u00e9rmino \u201cinviolable\u201d, pero no su contrapartida imprescindible, es decir, \u201cviolable\u201d.<\/p>\n\n\n\n<p>Es cosa que sorprende, pues \u201cinviolable\u201d consiste en una suerte de protecci\u00f3n legal para cometer cualquier crimen sin que la Justicia te moleste, un privilegio que solo disfruta una persona en todo el Reino de Espa\u00f1a. En cambio, \u201cviolable\u201d es toda persona que no disfruta de ese privilegio, es decir, cualquiera de los 47.351.566 espa\u00f1oles restantes.<\/p>\n\n\n\n<p>El otro espa\u00f1ol se llama Felipe VI, suponiendo que el INE, demogr\u00e1ficamente hablando al menos, considere al \u00fanico inviolable un espa\u00f1ol m\u00e1s.<\/p>\n\n\n\n<p>De \u201cviolable\u201d, como de \u201ccritarqu\u00eda\u201d, Google tambi\u00e9n ofrece informaci\u00f3n: 296.000 resultados.<\/p>\n\n\n\n<p>Creo que los \u201cjueces\u201d que gobiernan la RAE deber\u00edan conformarse con llamarle \u201cdiccionario\u201d al \u201cDiccionario\u201d del que tanto presumen. Sus decisiones est\u00e1n demasiado te\u00f1idas de prejuicios y, por tanto, no parece que sirvan para enriquecer como se merece el idioma al que dedican su actividad.<\/p>\n\n\n\n<p><strong>\u00daltima hora<\/strong>: Pasa a la reserva Pedro Garrido Roca, jefe de la Guardia Civil en Catalunya desde verano de 2018. Tras la detenci\u00f3n de nueve miembros de los CDR en 2019 y, sin duda emulando al preso pol\u00edtico Jordi Cuixart, declar\u00f3 que \u201clo demostramos hace dos a\u00f1os (refiri\u00e9ndose a la violencia policial empleada contra los votantes del refer\u00e9ndum del 1 de octubre en Catalunya), lo hemos hecho de nuevo recientemente (en este caso celebrando las detenciones de los nueve miembros de los CDR), y cada vez que sea necesario lo volveremos a hacer\u201d.<\/p>\n\n\n\n<p>Puede que ese relevo sea una buena noticia, o no.<\/p>\n\n\n\n<p><span style=\"background-color:#010a0d\" class=\"td_text_highlight_marker\">Domingo Sanz<\/span><\/p>\n","protected":false},"excerpt":{"rendered":"<p>Escribo \u201ccritarqu\u00eda\u201d en la RAE y la respuesta es \u201cAviso: la palabra critarqu\u00eda no est\u00e1 en el Diccionario\u201d. En cambio, escribo \u201ccritarqu\u00eda\u201d en Google y aparecen 1.790 resultados, el primero de Wikipedia, donde se dice que \u201cla critarqu\u00eda es el gobierno de los jueces del antiguo Israel durante el periodo de tiempo descrito en el [&hellip;]<\/p>\n","protected":false},"author":2,"featured_media":2821,"comment_status":"open","ping_status":"open","sticky":false,"template":"","format":"standard","meta":{"footnotes":""},"categories":[139],"tags":[],"class_list":{"0":"post-2820","1":"post","2":"type-post","3":"status-publish","4":"format-standard","5":"has-post-thumbnail","7":"category-opinio"},"_links":{"self":[{"href":"https:\/\/www.areabesos.com\/diario\/wp-json\/wp\/v2\/posts\/2820","targetHints":{"allow":["GET"]}}],"collection":[{"href":"https:\/\/www.areabesos.com\/diario\/wp-json\/wp\/v2\/posts"}],"about":[{"href":"https:\/\/www.areabesos.com\/diario\/wp-json\/wp\/v2\/types\/post"}],"author":[{"embeddable":true,"href":"https:\/\/www.areabesos.com\/diario\/wp-json\/wp\/v2\/users\/2"}],"replies":[{"embeddable":true,"href":"https:\/\/www.areabesos.com\/diario\/wp-json\/wp\/v2\/comments?post=2820"}],"version-history":[{"count":1,"href":"https:\/\/www.areabesos.com\/diario\/wp-json\/wp\/v2\/posts\/2820\/revisions"}],"predecessor-version":[{"id":2822,"href":"https:\/\/www.areabesos.com\/diario\/wp-json\/wp\/v2\/posts\/2820\/revisions\/2822"}],"wp:featuredmedia":[{"embeddable":true,"href":"https:\/\/www.areabesos.com\/diario\/wp-json\/wp\/v2\/media\/2821"}],"wp:attachment":[{"href":"https:\/\/www.areabesos.com\/diario\/wp-json\/wp\/v2\/media?parent=2820"}],"wp:term":[{"taxonomy":"category","embeddable":true,"href":"https:\/\/www.areabesos.com\/diario\/wp-json\/wp\/v2\/categories?post=2820"},{"taxonomy":"post_tag","embeddable":true,"href":"https:\/\/www.areabesos.com\/diario\/wp-json\/wp\/v2\/tags?post=2820"}],"curies":[{"name":"wp","href":"https:\/\/api.w.org\/{rel}","templated":true}]}}