{"id":2614,"date":"2021-02-26T10:48:12","date_gmt":"2021-02-26T09:48:12","guid":{"rendered":"http:\/\/www.areabesos.com\/diario\/?p=2614"},"modified":"2021-10-07T13:58:19","modified_gmt":"2021-10-07T11:58:19","slug":"area-besos-290-febrer-2021","status":"publish","type":"post","link":"https:\/\/www.areabesos.com\/diario\/area-besos-290-febrer-2021\/","title":{"rendered":"\u00c0rea Bes\u00f2s 290 Febrer 2021"},"content":{"rendered":"\n<p>En el n\u00famero de l&#8217;\u00c0rea Bes\u00f2s d&#8217;aquest mes destaquem que ajuntaments i Generalitat ja han comen\u00e7at les reunions de treball per poder fer realitat el Hub Internacional a l&#8217;espai de les tres xemeneies. Un projecte al que tamb\u00e9 s&#8217;ha unit l&#8217;associaci\u00f3 22@NetworkBCN. A m\u00e9s, com a not\u00edcia m\u00e9s important, parlem de l&#8217;aprovaci\u00f3 del pla de gesti\u00f3 del bloc de Venus, que contempla l&#8217;enderrocament de l&#8217;edifici i el reallotjament de les 243 fam\u00edlies que hi viuen.   <\/p>\n\n\n<a href=\"https:\/\/www.areabesos.com\/diario\/wp-content\/uploads\/2021\/02\/AB0290.pdf\" class=\"pdfemb-viewer\" style=\"\" data-width=\"max\" data-height=\"max\" data-toolbar=\"both\" data-toolbar-fixed=\"on\">AB0290<\/a>\n<p class=\"wp-block-pdfemb-pdf-embedder-viewer\"><\/p>\n","protected":false},"excerpt":{"rendered":"<p>En el n\u00famero de l&#8217;\u00c0rea Bes\u00f2s d&#8217;aquest mes destaquem que ajuntaments i Generalitat ja han comen\u00e7at les reunions de treball per poder fer realitat el Hub Internacional a l&#8217;espai de les tres xemeneies. Un projecte al que tamb\u00e9 s&#8217;ha unit l&#8217;associaci\u00f3 22@NetworkBCN. A m\u00e9s, com a not\u00edcia m\u00e9s important, parlem de l&#8217;aprovaci\u00f3 del pla de [&hellip;]<\/p>\n","protected":false},"author":1,"featured_media":2616,"comment_status":"open","ping_status":"open","sticky":false,"template":"","format":"standard","meta":{"footnotes":""},"categories":[141,181],"tags":[],"class_list":{"0":"post-2614","1":"post","2":"type-post","3":"status-publish","4":"format-standard","5":"has-post-thumbnail","7":"category-edicio-impresa","8":"category-hemeroteca"},"_links":{"self":[{"href":"https:\/\/www.areabesos.com\/diario\/wp-json\/wp\/v2\/posts\/2614","targetHints":{"allow":["GET"]}}],"collection":[{"href":"https:\/\/www.areabesos.com\/diario\/wp-json\/wp\/v2\/posts"}],"about":[{"href":"https:\/\/www.areabesos.com\/diario\/wp-json\/wp\/v2\/types\/post"}],"author":[{"embeddable":true,"href":"https:\/\/www.areabesos.com\/diario\/wp-json\/wp\/v2\/users\/1"}],"replies":[{"embeddable":true,"href":"https:\/\/www.areabesos.com\/diario\/wp-json\/wp\/v2\/comments?post=2614"}],"version-history":[{"count":2,"href":"https:\/\/www.areabesos.com\/diario\/wp-json\/wp\/v2\/posts\/2614\/revisions"}],"predecessor-version":[{"id":2618,"href":"https:\/\/www.areabesos.com\/diario\/wp-json\/wp\/v2\/posts\/2614\/revisions\/2618"}],"wp:featuredmedia":[{"embeddable":true,"href":"https:\/\/www.areabesos.com\/diario\/wp-json\/wp\/v2\/media\/2616"}],"wp:attachment":[{"href":"https:\/\/www.areabesos.com\/diario\/wp-json\/wp\/v2\/media?parent=2614"}],"wp:term":[{"taxonomy":"category","embeddable":true,"href":"https:\/\/www.areabesos.com\/diario\/wp-json\/wp\/v2\/categories?post=2614"},{"taxonomy":"post_tag","embeddable":true,"href":"https:\/\/www.areabesos.com\/diario\/wp-json\/wp\/v2\/tags?post=2614"}],"curies":[{"name":"wp","href":"https:\/\/api.w.org\/{rel}","templated":true}]}}