{"id":2603,"date":"2021-02-25T10:26:39","date_gmt":"2021-02-25T09:26:39","guid":{"rendered":"http:\/\/www.areabesos.com\/diario\/?p=2603"},"modified":"2021-02-25T10:28:42","modified_gmt":"2021-02-25T09:28:42","slug":"la-lludriga-es-reprodueix-per-segon-any-consecutiu-a-la-conca-de-la-tordera-on-ja-es-comptabilitzen-cinc-grups-familiars","status":"publish","type":"post","link":"https:\/\/www.areabesos.com\/diario\/la-lludriga-es-reprodueix-per-segon-any-consecutiu-a-la-conca-de-la-tordera-on-ja-es-comptabilitzen-cinc-grups-familiars\/","title":{"rendered":"La ll\u00fadriga es reprodueix per segon any consecutiu a la conca de la Tordera, on ja es comptabilitzen cinc grups familiars"},"content":{"rendered":"\n<p>El \u201c<strong>Projecte de seguiment i investigaci\u00f3 de la ll\u00fadriga a les conques del Bes\u00f2s i de la Tordera\u201d,<\/strong> que est\u00e0 duent a terme l\u2019<strong>Observatori RIVUS<\/strong>, dins la <strong>Fundaci\u00f3 RIVUS<\/strong>, ha confirmat la reproducci\u00f3, per segon any consecutiu, d\u2019aquest mam\u00edfer a la Tordera. Un fet destacable, ja que la reproducci\u00f3 \u00e9s un dels millors indicadors del bon estat dels sistemes fluvials i del seu correcte funcionament ecol\u00f2gic.<\/p>\n\n\n\n<p><em>\u201cLa progressiva recuperaci\u00f3 de la ll\u00fadriga en aquest \u00e0mbit no \u00e9s nom\u00e9s el triomf d\u2019una esp\u00e8cie bandera i carism\u00e0tica, sin\u00f3 tamb\u00e9 el de tota una comunitat ecol\u00f2gica que es desenvolupa sota el seu paraig\u00fces\u201d<\/em>, explica l\u2019<strong>Arnau Tolr\u00e0<\/strong>, bioge\u00f2graf i investigador d\u2019aquesta l\u00ednia de seguiment, que tamb\u00e9 compta amb el suport del <strong>Consorci Bes\u00f2s Tordera<\/strong>, la <strong>Fundaci\u00f3 Barcelona Zoo<\/strong> i l\u2019<strong>Institut de Ci\u00e8ncia i Tecnologia Ambientals de la Universitat Aut\u00f2noma de Barcelona <\/strong>(ICTA-UAB), i amb el patrocini de <strong>Grifols<\/strong> i <strong>Freudenberg<\/strong>.<\/p>\n\n\n\n<p>Durant els darrers dos anys (2019 i 2020 a la Tordera i 2020 tamb\u00e9 al Bes\u00f2s) s\u2019ha assolit la fita m\u00e9s esperada: les ll\u00fadrigues s\u2019han reprodu\u00eft en ambdues conques per primera vegada despr\u00e9s de la seva extinci\u00f3 local a finals del segle passat. En total, s\u2019han identificat cinc grups familiars a la conca de la Tordera i un a la del Bes\u00f2s. La poblaci\u00f3 actual se situa aproximadament en 10 ll\u00fadrigues a la conca del Bes\u00f2s i de m\u00ednim 20 a la Tordera.<\/p>\n\n\n\n<p>Les zones de reproducci\u00f3 de la ll\u00fadriga coincideixen amb els sectors de riu que gaudeixen d\u2019una din\u00e0mica fluvial m\u00e9s propera a la natural, d\u2019una major disponibilitat de refugis a les ribes i d\u2019heterogene\u00eftat d\u2019ambients, amb pres\u00e8ncia d\u2019elements com fusta morta dins la llera. Aspectes que van lligats a una major tranquil\u00b7litat i a una major abund\u00e0ncia i accessibilitat a l\u2019aliment.<\/p>\n\n\n\n<p>En aquest sentit, la dieta de la ll\u00fadriga \u00e9s variable al llarg de les estacions de l\u2019any i es compon principalment de peixos, per\u00f2 tamb\u00e9 integra proporcions destacades de crancs i amfibis. Les esp\u00e8cies m\u00e9s consumides s\u00f3n la bagra, el barb de muntanya i el cranc vermell americ\u00e0. En el cas concret de la conca del Bes\u00f2s, la dieta presenta una menor diversitat de peixos aut\u00f2ctons, una major proporci\u00f3 de peixos ex\u00f2tics i una menor proporci\u00f3 d\u2019esp\u00e8cies amena\u00e7ades, com l\u2019anguila i l\u2019espin\u00f3s.<\/p>\n\n\n\n<p>Un dels principals objectius que es persegueix amb aquest projecte de seguiment \u00e9s establir mesures de conservaci\u00f3 que permetin la protecci\u00f3 de l\u2019esp\u00e8cie i de tota la seva comunitat ecol\u00f2gica. Els resultats permetran integrar nous criteris ecol\u00f2gics en la gesti\u00f3 del medi fluvial.<\/p>\n\n\n\n<p>En paraules de <strong>Josep Monr\u00e0s<\/strong>, president de la Fundaci\u00f3 RIVUS,<em>\u201cel retorn de la ll\u00fadriga a les nostres conques ja \u00e9s una realitat; des de fa una d\u00e8cada, els individus divagants han anat augmentant progressivament i ja es pot afirmar que s\u2019hi ha establert definitivament\u201d<\/em>. La reproducci\u00f3 de la ll\u00fadriga \u00e9s un gran pas per a la recuperaci\u00f3 de l\u2019esp\u00e8cie a Catalunya i la millor evid\u00e8ncia del restabliment de les funcions ecol\u00f2giques per a aquests rius en concret, per les quals cal seguir impulsant mesures de conservaci\u00f3 dels h\u00e0bitats, especialment als cursos mitjans i baixos.<\/p>\n\n\n\n<figure class=\"wp-block-embed is-type-video is-provider-youtube wp-block-embed-youtube wp-embed-aspect-4-3 wp-has-aspect-ratio\"><div class=\"wp-block-embed__wrapper\">\n<div class=\"youtube-embed\" data-video_id=\"TtSPX--LYS8\"><iframe loading=\"lazy\" title=\"&quot;Festeig&quot; de ll\u00fadriga a la Tordera\" width=\"696\" height=\"522\" src=\"https:\/\/www.youtube.com\/embed\/TtSPX--LYS8?feature=oembed&#038;enablejsapi=1\" frameborder=\"0\" allow=\"accelerometer; autoplay; clipboard-write; encrypted-media; gyroscope; picture-in-picture\" allowfullscreen><\/iframe><\/div>\n<\/div><\/figure>\n\n\n\n<figure class=\"wp-block-embed is-type-video is-provider-youtube wp-block-embed-youtube wp-embed-aspect-4-3 wp-has-aspect-ratio\"><div class=\"wp-block-embed__wrapper\">\n<div class=\"youtube-embed\" data-video_id=\"PJTml12mCEU\"><iframe loading=\"lazy\" title=\"Cries de ll\u00fadriga al Bes\u00f2s\" width=\"696\" height=\"522\" src=\"https:\/\/www.youtube.com\/embed\/PJTml12mCEU?feature=oembed&#038;enablejsapi=1\" frameborder=\"0\" allow=\"accelerometer; autoplay; clipboard-write; encrypted-media; gyroscope; picture-in-picture\" allowfullscreen><\/iframe><\/div>\n<\/div><\/figure>\n","protected":false},"excerpt":{"rendered":"<p>El \u201cProjecte de seguiment i investigaci\u00f3 de la ll\u00fadriga a les conques del Bes\u00f2s i de la Tordera\u201d, que est\u00e0 duent a terme l\u2019Observatori RIVUS, dins la Fundaci\u00f3 RIVUS, ha confirmat la reproducci\u00f3, per segon any consecutiu, d\u2019aquest mam\u00edfer a la Tordera. Un fet destacable, ja que la reproducci\u00f3 \u00e9s un dels millors indicadors del [&hellip;]<\/p>\n","protected":false},"author":2,"featured_media":2606,"comment_status":"open","ping_status":"open","sticky":false,"template":"","format":"video","meta":{"footnotes":""},"categories":[134],"tags":[],"class_list":{"0":"post-2603","1":"post","2":"type-post","3":"status-publish","4":"format-video","5":"has-post-thumbnail","7":"category-actualitat","8":"post_format-post-format-video"},"_links":{"self":[{"href":"https:\/\/www.areabesos.com\/diario\/wp-json\/wp\/v2\/posts\/2603","targetHints":{"allow":["GET"]}}],"collection":[{"href":"https:\/\/www.areabesos.com\/diario\/wp-json\/wp\/v2\/posts"}],"about":[{"href":"https:\/\/www.areabesos.com\/diario\/wp-json\/wp\/v2\/types\/post"}],"author":[{"embeddable":true,"href":"https:\/\/www.areabesos.com\/diario\/wp-json\/wp\/v2\/users\/2"}],"replies":[{"embeddable":true,"href":"https:\/\/www.areabesos.com\/diario\/wp-json\/wp\/v2\/comments?post=2603"}],"version-history":[{"count":2,"href":"https:\/\/www.areabesos.com\/diario\/wp-json\/wp\/v2\/posts\/2603\/revisions"}],"predecessor-version":[{"id":2607,"href":"https:\/\/www.areabesos.com\/diario\/wp-json\/wp\/v2\/posts\/2603\/revisions\/2607"}],"wp:featuredmedia":[{"embeddable":true,"href":"https:\/\/www.areabesos.com\/diario\/wp-json\/wp\/v2\/media\/2606"}],"wp:attachment":[{"href":"https:\/\/www.areabesos.com\/diario\/wp-json\/wp\/v2\/media?parent=2603"}],"wp:term":[{"taxonomy":"category","embeddable":true,"href":"https:\/\/www.areabesos.com\/diario\/wp-json\/wp\/v2\/categories?post=2603"},{"taxonomy":"post_tag","embeddable":true,"href":"https:\/\/www.areabesos.com\/diario\/wp-json\/wp\/v2\/tags?post=2603"}],"curies":[{"name":"wp","href":"https:\/\/api.w.org\/{rel}","templated":true}]}}