{"id":2597,"date":"2021-02-24T13:45:10","date_gmt":"2021-02-24T12:45:10","guid":{"rendered":"http:\/\/www.areabesos.com\/diario\/?p=2597"},"modified":"2021-02-24T13:45:13","modified_gmt":"2021-02-24T12:45:13","slug":"lajuntament-amplia-la-gratuitat-de-la-teleassistencia-a-les-persones-majors-de-80-anys","status":"publish","type":"post","link":"https:\/\/www.areabesos.com\/diario\/lajuntament-amplia-la-gratuitat-de-la-teleassistencia-a-les-persones-majors-de-80-anys\/","title":{"rendered":"L\u2019Ajuntament amplia la gratu\u00eftat de la teleassist\u00e8ncia a les persones majors de 80 anys"},"content":{"rendered":"\n<p>Des del passat mes de gener de 2021 les persones de m\u00e9s de 80 anys que viuen soles o amb altres persones majors de 80 anys poden gaudir del servei de teleassist\u00e8ncia gratu\u00eft. Enguany 771 persones d\u2019aquesta franja d\u2019edat (577 dones i 194 homes) son usu\u00e0ries del servei i, d\u2019aquestes, <strong>533 (410 dones i 123 homes) tenen el servei gratu\u00eft.<\/strong><\/p>\n\n\n\n<p>Durant l\u2019any 2020, l\u2019Ajuntament ja va ampliar la gratu\u00eftat del servei als majors de 85 anys que vivien sols o amb altres persones majors de 85 anys. Aquest 2021 ha continuat aquesta l\u00ednia al considerar que a partir dels 80 anys la teleassist\u00e8ncia \u00e9s un recurs essencial tant per garantir la integritat i seguretat dels usuaris i usu\u00e0ries com la tranquil\u00b7litat de l\u2019entorn i les fam\u00edlies. La gratu\u00eftat vol facilitar-ne l\u2019acc\u00e9s i evitar que el petit cost del servei sigui un impediment per gaudir-lo.<\/p>\n\n\n\n<p>Aquesta millora es fa arran de l\u2019estudi de la gent gran dut a terme l\u2019any 2019 per detectar situacions de vulnerabilitat no conegudes pels serveis municipals i dissenyar actuacions que donessin resposta a les necessitats d\u2019aquest col\u00b7lectiu. Una de les conclusions de l\u2019estudi va ser la recomanaci\u00f3 de la teleassist\u00e8ncia en el 98\u20198% de les llars.<\/p>\n\n\n\n<p>La teleassist\u00e8ncia \u00e9s un servei d\u2019atenci\u00f3 domiciliaria, les 24 hores del dia i 365 dies a l\u2019any, que garanteix la seguretat i dona tranquil\u00b7litat i acompanyament a les persones que poden estar en situaci\u00f3 de risc per factors d\u2019edat, fragilitat, solitud o depend\u00e8ncia, a m\u00e9s, serveix per detectar situacions d\u2019emerg\u00e8ncia i donar resposta immediata a aquestes.<\/p>\n\n\n\n<p>El servei local de teleassist\u00e8ncia (TAD) funciona mitjan\u00e7ant un terminal instal\u00b7lat al domicili de la persona i una unitat de control remot, en format de penjoll o polsera, que permet estar connectat permanentment amb el centre d\u2019atenci\u00f3. El cost del TAD va a c\u00e0rrec de l\u2019Ajuntament i de la Diputaci\u00f3 de Barcelona, amb una petita participaci\u00f3 per part dels usuaris i usu\u00e0ries, que varia en funci\u00f3 dels ingressos econ\u00f2mics.<\/p>\n\n\n\n<p>Actualment el servei de teleassist\u00e8ncia arriba a 911 llars (1057 habitants) del municipi. \u00c9s un dels serveis amb una major implantaci\u00f3 territorial i molt valorat per les persones usu\u00e0ries i les seves fam\u00edlies.<\/p>\n\n\n\n<p><strong>M\u00e9s informaci\u00f3 sobre el servei:<\/strong><\/p>\n\n\n\n<p>Promoci\u00f3 de l\u2019Autonomia i Atenci\u00f3 a la Depend\u00e8ncia (PAAD)<\/p>\n\n\n\n<p>Pl. de la Vila, 12 1\u00aa planta Tel. 93 3812004 (ext. 7120)<\/p>\n","protected":false},"excerpt":{"rendered":"<p>Des del passat mes de gener de 2021 les persones de m\u00e9s de 80 anys que viuen soles o amb altres persones majors de 80 anys poden gaudir del servei de teleassist\u00e8ncia gratu\u00eft. Enguany 771 persones d\u2019aquesta franja d\u2019edat (577 dones i 194 homes) son usu\u00e0ries del servei i, d\u2019aquestes, 533 (410 dones i 123 [&hellip;]<\/p>\n","protected":false},"author":2,"featured_media":2598,"comment_status":"open","ping_status":"open","sticky":false,"template":"","format":"standard","meta":{"footnotes":""},"categories":[134],"tags":[],"class_list":{"0":"post-2597","1":"post","2":"type-post","3":"status-publish","4":"format-standard","5":"has-post-thumbnail","7":"category-actualitat"},"_links":{"self":[{"href":"https:\/\/www.areabesos.com\/diario\/wp-json\/wp\/v2\/posts\/2597","targetHints":{"allow":["GET"]}}],"collection":[{"href":"https:\/\/www.areabesos.com\/diario\/wp-json\/wp\/v2\/posts"}],"about":[{"href":"https:\/\/www.areabesos.com\/diario\/wp-json\/wp\/v2\/types\/post"}],"author":[{"embeddable":true,"href":"https:\/\/www.areabesos.com\/diario\/wp-json\/wp\/v2\/users\/2"}],"replies":[{"embeddable":true,"href":"https:\/\/www.areabesos.com\/diario\/wp-json\/wp\/v2\/comments?post=2597"}],"version-history":[{"count":1,"href":"https:\/\/www.areabesos.com\/diario\/wp-json\/wp\/v2\/posts\/2597\/revisions"}],"predecessor-version":[{"id":2599,"href":"https:\/\/www.areabesos.com\/diario\/wp-json\/wp\/v2\/posts\/2597\/revisions\/2599"}],"wp:featuredmedia":[{"embeddable":true,"href":"https:\/\/www.areabesos.com\/diario\/wp-json\/wp\/v2\/media\/2598"}],"wp:attachment":[{"href":"https:\/\/www.areabesos.com\/diario\/wp-json\/wp\/v2\/media?parent=2597"}],"wp:term":[{"taxonomy":"category","embeddable":true,"href":"https:\/\/www.areabesos.com\/diario\/wp-json\/wp\/v2\/categories?post=2597"},{"taxonomy":"post_tag","embeddable":true,"href":"https:\/\/www.areabesos.com\/diario\/wp-json\/wp\/v2\/tags?post=2597"}],"curies":[{"name":"wp","href":"https:\/\/api.w.org\/{rel}","templated":true}]}}