{"id":2336,"date":"2021-01-26T10:35:56","date_gmt":"2021-01-26T09:35:56","guid":{"rendered":"http:\/\/www.areabesos.com\/diario\/?p=2336"},"modified":"2021-01-26T10:35:59","modified_gmt":"2021-01-26T09:35:59","slug":"el-consorci-besos-tordera-proposara-a-la-fundacio-rivus-que-els-premis-de-treballs-academics-portin-el-nom-de-sergi-mingote","status":"publish","type":"post","link":"https:\/\/www.areabesos.com\/diario\/el-consorci-besos-tordera-proposara-a-la-fundacio-rivus-que-els-premis-de-treballs-academics-portin-el-nom-de-sergi-mingote\/","title":{"rendered":"El Consorci Bes\u00f2s Tordera proposar\u00e0 a la Fundaci\u00f3 RIVUS que els premis de Treballs Acad\u00e8mics portin el nom de Sergi Mingote"},"content":{"rendered":"\n<p>La Comissi\u00f3 Executiva del Consorci Bes\u00f2s Tordera vol homenatjar la figura i el llegat de <strong>Sergi Mingote<\/strong>, qui va ser president del Consorci entre 2011 i 2018 i impulsor de la <strong>Fundaci\u00f3 RIVUS<\/strong>, proposant al Patronat d\u2019aquesta Fundaci\u00f3 que el <strong>Premi de Treballs Acad\u00e8mics<\/strong> porti el seu nom.<\/p>\n\n\n\n<p>Mingote, qui va realitzar durant els seus mandats una ferma aposta per potenciar l\u2019educaci\u00f3 ambiental entre nens i joves, va ser l\u2019art\u00edfex d\u2019aquests guardons l\u2019any 2016, que naixien amb l\u2019objectiu de promoure i recon\u00e8ixer la feina dels estudiants de Batxillerat i de Cicles Formatius que dediquen els seus treballs de recerca o de curs a l\u2019<strong>aigua<\/strong>, com a recurs esc\u00e0s i indispensable per a la vida humana i cabdal per al desenvolupament hum\u00e0 i industrial, o a les <strong>conques del Bes\u00f2s i\/o la Tordera<\/strong>, ja sigui centrant-se en les seves aig\u00fces o en qualsevol aspecte relacionat amb els seus entorns fluvials (fauna, flora, usos socials, hist\u00f2ria, patrimoni, evoluci\u00f3, etc.).<\/p>\n\n\n\n<p>Des d\u2019aleshores, s\u2019han reconegut prop d\u2019una vintena de treballs que han aprofundit i analitzat diferents aspectes, com qualitat i par\u00e0metres fisicoqu\u00edmics de l\u2019aigua de diferents rius, el funcionament de les EDAR, la contaminaci\u00f3 dels aq\u00fc\u00edfers o el delta de la Tordera.<\/p>\n\n\n\n<p><em>\u201cTant la creaci\u00f3 d\u2019aquests premis com de la Fundaci\u00f3 RIVUS demostren la sensibilitat i la ferma aposta que el nostre estimat Sergi va fer per l\u2019educaci\u00f3 ambiental, que entenia com a eina cabdal per acostar les futures generacions als entorns fluvials\u201d<\/em>, ha matisat <strong>Josep Monr\u00e0s<\/strong>, president del Consorci i de la Fundaci\u00f3. <em>\u201cPer aix\u00f2, de manera un\u00e0nime, tots els companys i companyes que formem la Comissi\u00f3 Executiva del Consorci volem fer-li un merescut reconeixement a tot aquest llegat que ens deixa i aix\u00ed ho farem arribar al patronat de la nostra Fundaci\u00f3\u201d<\/em>, ha concl\u00f2s Monr\u00e0s. Mingote, dedicat des de l\u2019any 2018 a la seva faceta d\u2019alpinista, perdia la vida el passat dissabte, 16 de gener, en un fatal accident mentre intentava coronar el cim del K2.<\/p>\n\n\n\n<p>Pr\u00f2ximament, la Fundaci\u00f3 obrir\u00e0 la convocat\u00f2ria corresponent al curs 2020-2021 d\u2019aquests guardons, que enguany arriben a la seva sisena edici\u00f3.<\/p>\n","protected":false},"excerpt":{"rendered":"<p>La Comissi\u00f3 Executiva del Consorci Bes\u00f2s Tordera vol homenatjar la figura i el llegat de Sergi Mingote, qui va ser president del Consorci entre 2011 i 2018 i impulsor de la Fundaci\u00f3 RIVUS, proposant al Patronat d\u2019aquesta Fundaci\u00f3 que el Premi de Treballs Acad\u00e8mics porti el seu nom. Mingote, qui va realitzar durant els seus [&hellip;]<\/p>\n","protected":false},"author":2,"featured_media":2337,"comment_status":"open","ping_status":"open","sticky":false,"template":"","format":"standard","meta":{"footnotes":""},"categories":[134],"tags":[],"class_list":{"0":"post-2336","1":"post","2":"type-post","3":"status-publish","4":"format-standard","5":"has-post-thumbnail","7":"category-actualitat"},"_links":{"self":[{"href":"https:\/\/www.areabesos.com\/diario\/wp-json\/wp\/v2\/posts\/2336","targetHints":{"allow":["GET"]}}],"collection":[{"href":"https:\/\/www.areabesos.com\/diario\/wp-json\/wp\/v2\/posts"}],"about":[{"href":"https:\/\/www.areabesos.com\/diario\/wp-json\/wp\/v2\/types\/post"}],"author":[{"embeddable":true,"href":"https:\/\/www.areabesos.com\/diario\/wp-json\/wp\/v2\/users\/2"}],"replies":[{"embeddable":true,"href":"https:\/\/www.areabesos.com\/diario\/wp-json\/wp\/v2\/comments?post=2336"}],"version-history":[{"count":1,"href":"https:\/\/www.areabesos.com\/diario\/wp-json\/wp\/v2\/posts\/2336\/revisions"}],"predecessor-version":[{"id":2338,"href":"https:\/\/www.areabesos.com\/diario\/wp-json\/wp\/v2\/posts\/2336\/revisions\/2338"}],"wp:featuredmedia":[{"embeddable":true,"href":"https:\/\/www.areabesos.com\/diario\/wp-json\/wp\/v2\/media\/2337"}],"wp:attachment":[{"href":"https:\/\/www.areabesos.com\/diario\/wp-json\/wp\/v2\/media?parent=2336"}],"wp:term":[{"taxonomy":"category","embeddable":true,"href":"https:\/\/www.areabesos.com\/diario\/wp-json\/wp\/v2\/categories?post=2336"},{"taxonomy":"post_tag","embeddable":true,"href":"https:\/\/www.areabesos.com\/diario\/wp-json\/wp\/v2\/tags?post=2336"}],"curies":[{"name":"wp","href":"https:\/\/api.w.org\/{rel}","templated":true}]}}