{"id":2334,"date":"2021-01-26T10:29:08","date_gmt":"2021-01-26T09:29:08","guid":{"rendered":"http:\/\/www.areabesos.com\/diario\/?p=2334"},"modified":"2021-01-26T10:29:10","modified_gmt":"2021-01-26T09:29:10","slug":"inventario-de-lo-importante","status":"publish","type":"post","link":"https:\/\/www.areabesos.com\/diario\/inventario-de-lo-importante\/","title":{"rendered":"Inventario de lo importante"},"content":{"rendered":"\n<p>La importancia de tener conciencia no acostumbra a coincidir con los comportamientos correctos y menos si nuestros paisajes vitales no colaboran. Hay gente que no sabe que es sensible y eso es imperdonable. El 24 pasado de este mes de enero ha sido el dia Internacional de la Educaci\u00f3n.<\/p>\n\n\n\n<p>La educaci\u00f3n viene a ser una actividad donde confluyen aportaciones de m\u00faltiples ciencias: humanas, sociales, f\u00edsicas, ambientales, tecnol\u00f3gicas y culturales que acompa\u00f1an al desarrollo humano. Tiene una visi\u00f3n integradora, hace un trabajo de ida y vuelta, pretende posibilitar la idea de conjunto armoniz\u00e1ndola con la del pasado: la historia, la arqueolog\u00eda, la geolog\u00eda, la geograf\u00eda\u2026, eso que nos obliga a ser gente.<\/p>\n\n\n\n<p>Lo cultural es un referente activo, conforma la comunidad, la conducta dentro del conjunto de las especies (vegetales, animales, minerales). La educaci\u00f3n es un saber que penetra en las ciencias, se coordina con las dem\u00e1s para aportar y recibir datos, es decir, investiga sobre algo com\u00fan: c\u00f3mo aprendimos y c\u00f3mo lo haremos en el futuro (c\u00f3mo se ense\u00f1aba y se ense\u00f1ar\u00e1). Por su vocaci\u00f3n curiosa e inquieta, promueve ese entendimiento para progresar en la diversidad, la generosidad, el respeto entre pueblos y especies. Y con el medio ambiente: lo justo y arm\u00f3nico. Supone la comprensi\u00f3n de lo urbano y lo rural, la ingenier\u00eda plural que entronca con lo tradicional, la participaci\u00f3n ciudadana, la cr\u00edtica social para el cambio, las imprescindibles din\u00e1micas propuestas por la Salud (grande esfuerzo y aporte), del cuidado universal, de lo urgente y lo sostenible.<\/p>\n\n\n\n<p>La atenta observaci\u00f3n de las nuevas problem\u00e1ticas y las respuestas que da la etnograf\u00eda, la etolog\u00eda, la psicolog\u00eda, la filosof\u00eda del pensamiento, la biolog\u00eda del conocimiento (esa huella dejada por la evoluci\u00f3n cerebral para estructurar medios oportunos que inciden en la mejora de la personalidad). Como todas las instituciones: de lo familiar, las amistades, la ciudad, los medios de informaci\u00f3n,&nbsp; ambientes culturales determinantes de nuestras caracter\u00edsticas (comunidad, barrio,&nbsp; grupos de origen, tribus juveniles\u2026). Las econom\u00edas, la historia, las sociolog\u00edas que construyen la realidad de las relaciones sexuales, laborales, del tiempo libre; las manifestaciones del arte: la literatura, los comics, el teatro, el circo, la pintura, el deporte, todas implican el porvenir, siempre modelando nuestras vidas.<\/p>\n\n\n\n<p>El reto pedag\u00f3gico (esta ciencia encargada de conducir el aparente desorden), consiste en saber contar (como se explicar\u00eda un cuento) las formas de entender, apelando al intercambio de emociones, contribuir a la \u00abalfabetizaci\u00f3n cient\u00edfica\u00bb, a la construcci\u00f3n de interpretar el mundo, una ense\u00f1anza motivadora que pueda producir aprendizajes satisfactorios y agradables.<\/p>\n\n\n\n<p>Dec\u00eda Paulo Freire que la pol\u00edtica es el alma de la educaci\u00f3n porque siempre estamos en compromiso, porque se involucran valores, proyectos, utop\u00edas que cuestionan y transforman las relaciones. Tenemos mucha informaci\u00f3n, indicadores sofisticados, pero todo esto nunca es neutral, hay quien oculta la raz\u00f3n de los problemas sociales. Y est\u00e1n quienes nos desaf\u00edan para transformar o reinventar.<\/p>\n\n\n\n<p><span style=\"background-color:#021016\" class=\"td_text_highlight_marker\">Francesc Reina<\/span><\/p>\n","protected":false},"excerpt":{"rendered":"<p>La importancia de tener conciencia no acostumbra a coincidir con los comportamientos correctos y menos si nuestros paisajes vitales no colaboran. Hay gente que no sabe que es sensible y eso es imperdonable. El 24 pasado de este mes de enero ha sido el dia Internacional de la Educaci\u00f3n. La educaci\u00f3n viene a ser una [&hellip;]<\/p>\n","protected":false},"author":2,"featured_media":1515,"comment_status":"open","ping_status":"open","sticky":false,"template":"","format":"standard","meta":{"footnotes":""},"categories":[139],"tags":[],"class_list":{"0":"post-2334","1":"post","2":"type-post","3":"status-publish","4":"format-standard","5":"has-post-thumbnail","7":"category-opinio"},"_links":{"self":[{"href":"https:\/\/www.areabesos.com\/diario\/wp-json\/wp\/v2\/posts\/2334","targetHints":{"allow":["GET"]}}],"collection":[{"href":"https:\/\/www.areabesos.com\/diario\/wp-json\/wp\/v2\/posts"}],"about":[{"href":"https:\/\/www.areabesos.com\/diario\/wp-json\/wp\/v2\/types\/post"}],"author":[{"embeddable":true,"href":"https:\/\/www.areabesos.com\/diario\/wp-json\/wp\/v2\/users\/2"}],"replies":[{"embeddable":true,"href":"https:\/\/www.areabesos.com\/diario\/wp-json\/wp\/v2\/comments?post=2334"}],"version-history":[{"count":1,"href":"https:\/\/www.areabesos.com\/diario\/wp-json\/wp\/v2\/posts\/2334\/revisions"}],"predecessor-version":[{"id":2335,"href":"https:\/\/www.areabesos.com\/diario\/wp-json\/wp\/v2\/posts\/2334\/revisions\/2335"}],"wp:featuredmedia":[{"embeddable":true,"href":"https:\/\/www.areabesos.com\/diario\/wp-json\/wp\/v2\/media\/1515"}],"wp:attachment":[{"href":"https:\/\/www.areabesos.com\/diario\/wp-json\/wp\/v2\/media?parent=2334"}],"wp:term":[{"taxonomy":"category","embeddable":true,"href":"https:\/\/www.areabesos.com\/diario\/wp-json\/wp\/v2\/categories?post=2334"},{"taxonomy":"post_tag","embeddable":true,"href":"https:\/\/www.areabesos.com\/diario\/wp-json\/wp\/v2\/tags?post=2334"}],"curies":[{"name":"wp","href":"https:\/\/api.w.org\/{rel}","templated":true}]}}