{"id":2330,"date":"2021-01-25T10:36:17","date_gmt":"2021-01-25T09:36:17","guid":{"rendered":"http:\/\/www.areabesos.com\/diario\/?p=2330"},"modified":"2021-01-26T10:26:22","modified_gmt":"2021-01-26T09:26:22","slug":"lajuntament-replantara-87-arbres-a-carrers-i-jardins-de-la-ciutat","status":"publish","type":"post","link":"https:\/\/www.areabesos.com\/diario\/lajuntament-replantara-87-arbres-a-carrers-i-jardins-de-la-ciutat\/","title":{"rendered":"L\u2019Ajuntament replantar\u00e0 87 arbres a carrers i jardins de la ciutat"},"content":{"rendered":"\n<p>L\u2019arbrat viari, \u00e9s a dir els arbres que hi ha a l\u2019espai p\u00fablic de la ciutat (carrers, places, etc), proporciona grans beneficis a la ciutadania tant ambientals (millora de la qualitat de l\u2019aire, reducci\u00f3 de l\u2019efecte illa de calor a la ciutat i de la contaminaci\u00f3 ac\u00fastica, increment de la biodiversitat, entre altres) com socials (millora de la salut, dels vincles ve\u00efnals&#8230;) i tamb\u00e9 t\u00e9 un paper important en la millora paisatg\u00edstica. Perqu\u00e8 pugui fer la seva funci\u00f3, cal mantenir-lo en bones condicions i estable i per aix\u00f2 l\u2019Ajuntament en fa una gesti\u00f3 activa, inspecciona els arbres de tot el municipi per detectar els que estan en mal estat, avaluar-ne el risc associat i determinar l\u2019actuaci\u00f3 que cal fer-hi.<\/p>\n\n\n\n<p>En aquesta l\u00ednia una de les actuacions que desenvolupa peri\u00f2dicament l\u2019Ajuntament \u00e9s la replantaci\u00f3 d\u2019arbres, que consisteix en substituir els exemplars morts o malalts per la no adaptaci\u00f3 al medi, per envelliment, per perill de caiguda, per manca d\u2019espai, per entrar en conflicte amb altres exemplars o per altres raons. Seguint aquest criteri durant les properes setmanes es talaran 25 arbres i es <strong>replantaran 87 d\u2019esp\u00e8cies diverses,&nbsp; a diferents espais de tots els barris del municipi<\/strong>. La reposici\u00f3 de l\u2019arbrat \u00e9s un proc\u00e9s progressiu i per aix\u00f2 \u00e9s habitual que sempre hi hagi escocells pendents de replantar. Quan es tala un exemplar, per exemple, s\u2019ha de tenir en compte la seva mida ja que si s\u00f3n grans cal esperar un any per poder treure la soca, \u00e9s necessari que es podreixin les arrels perqu\u00e8 puguin nodrir la nova plantaci\u00f3.&nbsp;<\/p>\n\n\n\n<p><strong>Treball conjunt per tenir un arbrat viari de qualitat<\/strong><\/p>\n\n\n\n<p>Els arbres urbans es troben sotmesos a un ambient artificial i a un estr\u00e8s constant (espais redu\u00efts, contaminaci\u00f3, fauna urbana) que fa que de vegades el seu creixement natural entri en conflicte amb l\u2019edificaci\u00f3, el tr\u00e0nsit o la senyalitzaci\u00f3, o que es desenvolupin plagues que puguin ocasionar mol\u00e8sties als ve\u00efns.<\/p>\n\n\n\n<p>Els diferents serveis municipals involucrats en la gesti\u00f3 d\u2019espais verds i arbrat treballen conjuntament per dur a terme diferents accions relacionades amb aquesta problem\u00e0tica:<\/p>\n\n\n\n<p><strong>1. L\u2019elecci\u00f3 i ubicaci\u00f3 d\u2019esp\u00e8cies<\/strong> per tal de minimitzar els problemes del creixement del brancatge sobre les fa\u00e7anes a les noves urbanitzacions, i l\u2019<strong>establiment dels criteris de<\/strong><\/p>\n\n\n\n<p><strong>prioritzaci\u00f3<\/strong> del programa progressiu de <strong>substituci\u00f3 d\u2019arbrat<\/strong> d\u2019urbanitzacions antigues.<\/p>\n\n\n\n<p><strong>2. Les podes selectives<\/strong> amb l\u2019objectiu de garantir l\u2019estabilitat de l\u2019arbre quan hi ha alguna part morta o, m\u00e9s freq\u00fcentment, per reduir les mol\u00e8sties que puguin provocar als ve\u00efns.&nbsp; Cal tenir en compte per\u00f2, que la poda no \u00e9s una necessitat de l\u2019arbre. \u00c9s m\u00e9s, lluny de ser-li beneficiosa, representa una agressi\u00f3 que a poc a poc el va debilitant, de forma que s\u2019afavoreix l\u2019atac d\u2019insectes i\/o fongs que en molts casos poden acabar derivant en una plaga.<\/p>\n\n\n\n<p><strong>3. La gesti\u00f3 integrada de plagues<\/strong>. Actualment, les normatives que regulen l\u2019aplicaci\u00f3 de plaguicides s\u00f3n molt restrictives i no permeten fer tractaments fitosanitaris si no \u00e9s estrictament necessari. Per aix\u00f2, l\u2019Ajuntament de Sant Adri\u00e0 aplica criteris de racionalitat i sostenibilitat mediambiental i promou els mecanismes de control biol\u00f2gic per sobre del control qu\u00edmic (aplicaci\u00f3 sistem\u00e0tica de productes sanitaris), l\u2019\u00fas indegut dels quals poden tenir efectes en la salut de la poblaci\u00f3 i de l\u2019entorn. Dins d\u2019aquest sistema de control, per\u00f2, es poden fer tractaments fitosanitaris puntuals en casos excepcionals, sempre amb una decisi\u00f3 t\u00e8cnica pr\u00e8via i amb productes permesos, i mai de forma preventiva.<\/p>\n\n\n\n<p>Sant Adri\u00e0 actualment t\u00e9 1 arbre per cada 5 habitants, i l\u2019objectiu \u00e9s assolir la recomanaci\u00f3 de l\u2019Organitzaci\u00f3 Mundial de la Salut (OMS) que aconsella 1 arbre per cada 3 habitants per garantir un millor aire a les ciutats. Cal destacar tamb\u00e9, que Sant Adri\u00e0 ha incrementat m\u00e9s del doble l\u2019espai de zones verdes en els darrers anys, i ha passat de tenir 228.000 m2 a 496.000 m2.<\/p>\n","protected":false},"excerpt":{"rendered":"<p>L\u2019arbrat viari, \u00e9s a dir els arbres que hi ha a l\u2019espai p\u00fablic de la ciutat (carrers, places, etc), proporciona grans beneficis a la ciutadania tant ambientals (millora de la qualitat de l\u2019aire, reducci\u00f3 de l\u2019efecte illa de calor a la ciutat i de la contaminaci\u00f3 ac\u00fastica, increment de la biodiversitat, entre altres) com socials [&hellip;]<\/p>\n","protected":false},"author":2,"featured_media":2331,"comment_status":"open","ping_status":"open","sticky":false,"template":"","format":"standard","meta":{"footnotes":""},"categories":[134],"tags":[],"class_list":{"0":"post-2330","1":"post","2":"type-post","3":"status-publish","4":"format-standard","5":"has-post-thumbnail","7":"category-actualitat"},"_links":{"self":[{"href":"https:\/\/www.areabesos.com\/diario\/wp-json\/wp\/v2\/posts\/2330","targetHints":{"allow":["GET"]}}],"collection":[{"href":"https:\/\/www.areabesos.com\/diario\/wp-json\/wp\/v2\/posts"}],"about":[{"href":"https:\/\/www.areabesos.com\/diario\/wp-json\/wp\/v2\/types\/post"}],"author":[{"embeddable":true,"href":"https:\/\/www.areabesos.com\/diario\/wp-json\/wp\/v2\/users\/2"}],"replies":[{"embeddable":true,"href":"https:\/\/www.areabesos.com\/diario\/wp-json\/wp\/v2\/comments?post=2330"}],"version-history":[{"count":2,"href":"https:\/\/www.areabesos.com\/diario\/wp-json\/wp\/v2\/posts\/2330\/revisions"}],"predecessor-version":[{"id":2333,"href":"https:\/\/www.areabesos.com\/diario\/wp-json\/wp\/v2\/posts\/2330\/revisions\/2333"}],"wp:featuredmedia":[{"embeddable":true,"href":"https:\/\/www.areabesos.com\/diario\/wp-json\/wp\/v2\/media\/2331"}],"wp:attachment":[{"href":"https:\/\/www.areabesos.com\/diario\/wp-json\/wp\/v2\/media?parent=2330"}],"wp:term":[{"taxonomy":"category","embeddable":true,"href":"https:\/\/www.areabesos.com\/diario\/wp-json\/wp\/v2\/categories?post=2330"},{"taxonomy":"post_tag","embeddable":true,"href":"https:\/\/www.areabesos.com\/diario\/wp-json\/wp\/v2\/tags?post=2330"}],"curies":[{"name":"wp","href":"https:\/\/api.w.org\/{rel}","templated":true}]}}