{"id":2261,"date":"2020-12-23T14:06:51","date_gmt":"2020-12-23T13:06:51","guid":{"rendered":"http:\/\/www.areabesos.com\/diario\/?p=2261"},"modified":"2021-10-07T13:57:53","modified_gmt":"2021-10-07T11:57:53","slug":"area-besos-288-desembre-2020","status":"publish","type":"post","link":"https:\/\/www.areabesos.com\/diario\/area-besos-288-desembre-2020\/","title":{"rendered":"\u00c0rea Bes\u00f2s 288 Desembre 2020"},"content":{"rendered":"\n<p>En aquest n\u00famero de desembre, amb el que diem ad\u00e9us a un any complicat, parlem del Nadal tan diferent que viur\u00e0 la ciutat, sense Cavalcada de Reis no Adril\u00e0ndia, tot i que Ses Majestats s\u00ed que visitaran Sant Adri\u00e0 gr\u00e0cies a un campament reial. Tamb\u00e9 destaquem dos concursos de fotografia que recentment han publicat els seus guanyadors, el Premi de Fotografia Isabel Rojas i el Concurso de Fotografia Rociera del CERCAT. Per \u00faltim, una nove not\u00edcia relacionada amb les ll\u00fadrigues al Bes\u00f2s, ja que s&#8217;han fet p\u00fabliques unes imatges que el bi\u00f2leg Xavier Larruy va captar al Parc Fluvial del Bes\u00f2s, a l&#8217;al\u00e7ada de Santa Coloma de Gramenet, amb un exemplar d&#8217;aquest esp\u00e8cie com a protagonista.<\/p>\n\n\n\n<p>Gr\u00e0cies per continuar al nostre costat. Que passin unes bones festes, tot i les circumst\u00e0ncies que estem vivint. Siguin prudents.  <\/p>\n\n\n<a href=\"https:\/\/www.areabesos.com\/diario\/wp-content\/uploads\/2020\/12\/AB0288.pdf\" class=\"pdfemb-viewer\" style=\"\" data-width=\"max\" data-height=\"max\" data-toolbar=\"both\" data-toolbar-fixed=\"on\">AB0288<\/a>\n<p class=\"wp-block-pdfemb-pdf-embedder-viewer\"><\/p>\n","protected":false},"excerpt":{"rendered":"<p>En aquest n\u00famero de desembre, amb el que diem ad\u00e9us a un any complicat, parlem del Nadal tan diferent que viur\u00e0 la ciutat, sense Cavalcada de Reis no Adril\u00e0ndia, tot i que Ses Majestats s\u00ed que visitaran Sant Adri\u00e0 gr\u00e0cies a un campament reial. Tamb\u00e9 destaquem dos concursos de fotografia que recentment han publicat els [&hellip;]<\/p>\n","protected":false},"author":2,"featured_media":2263,"comment_status":"open","ping_status":"open","sticky":false,"template":"","format":"standard","meta":{"footnotes":""},"categories":[141,181],"tags":[],"class_list":{"0":"post-2261","1":"post","2":"type-post","3":"status-publish","4":"format-standard","5":"has-post-thumbnail","7":"category-edicio-impresa","8":"category-hemeroteca"},"_links":{"self":[{"href":"https:\/\/www.areabesos.com\/diario\/wp-json\/wp\/v2\/posts\/2261","targetHints":{"allow":["GET"]}}],"collection":[{"href":"https:\/\/www.areabesos.com\/diario\/wp-json\/wp\/v2\/posts"}],"about":[{"href":"https:\/\/www.areabesos.com\/diario\/wp-json\/wp\/v2\/types\/post"}],"author":[{"embeddable":true,"href":"https:\/\/www.areabesos.com\/diario\/wp-json\/wp\/v2\/users\/2"}],"replies":[{"embeddable":true,"href":"https:\/\/www.areabesos.com\/diario\/wp-json\/wp\/v2\/comments?post=2261"}],"version-history":[{"count":2,"href":"https:\/\/www.areabesos.com\/diario\/wp-json\/wp\/v2\/posts\/2261\/revisions"}],"predecessor-version":[{"id":2265,"href":"https:\/\/www.areabesos.com\/diario\/wp-json\/wp\/v2\/posts\/2261\/revisions\/2265"}],"wp:featuredmedia":[{"embeddable":true,"href":"https:\/\/www.areabesos.com\/diario\/wp-json\/wp\/v2\/media\/2263"}],"wp:attachment":[{"href":"https:\/\/www.areabesos.com\/diario\/wp-json\/wp\/v2\/media?parent=2261"}],"wp:term":[{"taxonomy":"category","embeddable":true,"href":"https:\/\/www.areabesos.com\/diario\/wp-json\/wp\/v2\/categories?post=2261"},{"taxonomy":"post_tag","embeddable":true,"href":"https:\/\/www.areabesos.com\/diario\/wp-json\/wp\/v2\/tags?post=2261"}],"curies":[{"name":"wp","href":"https:\/\/api.w.org\/{rel}","templated":true}]}}