{"id":2235,"date":"2020-12-22T10:47:26","date_gmt":"2020-12-22T09:47:26","guid":{"rendered":"http:\/\/www.areabesos.com\/diario\/?p=2235"},"modified":"2020-12-22T10:47:29","modified_gmt":"2020-12-22T09:47:29","slug":"alumnat-de-linstitut-escola-la-mina-omple-de-color-i-vitalitat-el-mur-del-pati","status":"publish","type":"post","link":"https:\/\/www.areabesos.com\/diario\/alumnat-de-linstitut-escola-la-mina-omple-de-color-i-vitalitat-el-mur-del-pati\/","title":{"rendered":"Alumnat de l\u2019Institut Escola La Mina omple de color i vitalitat el mur del pati"},"content":{"rendered":"\n<p>L\u2019alumnat de 4t d\u2019ESO de l\u2019Institut Escola La Mina ha enllestit la creaci\u00f3 art\u00edstica del mur del pati del centre escolar.&nbsp;Aquesta iniciativa participativa es va iniciar el passat 9 de novembre i&nbsp;\u00e9s una ampliaci\u00f3 del mural que va pintar l\u2019any 2019 l\u2019alumnat de 6\u00e8 de prim\u00e0ria amb la col\u00b7laboraci\u00f3 de l\u2019artista i ve\u00efna del barri Lorena Eloizaga.<\/p>\n\n\n\n<p>El nom d\u2019aquest \u00faltim projecte \u00e9s&nbsp;<strong>La Danza del Patio<\/strong>&nbsp;i barreja dos elements: la natura i la m\u00fasica. Eloizaga utilitza la natura i les formes org\u00e0niques com a base del seu estil i juga amb els volums, els ritmes i la juxtaposici\u00f3 de formes com si es tract\u00e9s d\u2019una dansa.<\/p>\n\n\n\n<p>La iniciativa\u00a0s\u2019emmarca en\u00a0el HOP Sant Adri\u00e0-Art Urb\u00e0, organitzat per l\u2019Ajuntament de Sant Adri\u00e0 i l\u2019associaci\u00f3 cultural El Generador, amb la col\u00b7laboraci\u00f3 del Consorci del barri de La Mina. Forma part del projecte\u00a0<strong>Una Mina de Color\u00a02020,<\/strong>\u00a0que consisteix en un seguit\u00a0d\u2019intervencions d\u2019art mural al barri de La Mina de Sant Adri\u00e0 de Bes\u00f2s. Aquest \u00e9s un projecte participatiu que promou la transformaci\u00f3 de l\u2019espai p\u00fablic i el sentiment de pertinen\u00e7a del ve\u00efnat, transforma les fa\u00e7anes de color gris dels edificis en espais plens de color i vitalitat. L\u2019objectiu \u00e9s crear complicitats, enfortir els vincles dels ve\u00efns i ve\u00efnes de La Mina, estimular la imaginaci\u00f3 i millorar el paisatge visual del barri.<\/p>\n\n\n\n<p><strong>Lorena Eloizaga<\/strong>\u00a0\u00e9s una artista colombiana d\u2019ascend\u00e8ncia basca i establerta a Sant Adri\u00e0 de Bes\u00f2s fa set anys. La seva tasca art\u00edstica s\u2019inspira en l\u2019art urb\u00e0, el muralisme llatinoameric\u00e0, la fusi\u00f3 del color i les formes org\u00e0niques\u00a0i les seves obres tenen una gran c\u00e0rrega simb\u00f2lica.<\/p>\n","protected":false},"excerpt":{"rendered":"<p>L\u2019alumnat de 4t d\u2019ESO de l\u2019Institut Escola La Mina ha enllestit la creaci\u00f3 art\u00edstica del mur del pati del centre escolar.&nbsp;Aquesta iniciativa participativa es va iniciar el passat 9 de novembre i&nbsp;\u00e9s una ampliaci\u00f3 del mural que va pintar l\u2019any 2019 l\u2019alumnat de 6\u00e8 de prim\u00e0ria amb la col\u00b7laboraci\u00f3 de l\u2019artista i ve\u00efna del barri [&hellip;]<\/p>\n","protected":false},"author":1,"featured_media":2236,"comment_status":"open","ping_status":"open","sticky":false,"template":"","format":"standard","meta":{"footnotes":""},"categories":[134],"tags":[],"class_list":{"0":"post-2235","1":"post","2":"type-post","3":"status-publish","4":"format-standard","5":"has-post-thumbnail","7":"category-actualitat"},"_links":{"self":[{"href":"https:\/\/www.areabesos.com\/diario\/wp-json\/wp\/v2\/posts\/2235","targetHints":{"allow":["GET"]}}],"collection":[{"href":"https:\/\/www.areabesos.com\/diario\/wp-json\/wp\/v2\/posts"}],"about":[{"href":"https:\/\/www.areabesos.com\/diario\/wp-json\/wp\/v2\/types\/post"}],"author":[{"embeddable":true,"href":"https:\/\/www.areabesos.com\/diario\/wp-json\/wp\/v2\/users\/1"}],"replies":[{"embeddable":true,"href":"https:\/\/www.areabesos.com\/diario\/wp-json\/wp\/v2\/comments?post=2235"}],"version-history":[{"count":1,"href":"https:\/\/www.areabesos.com\/diario\/wp-json\/wp\/v2\/posts\/2235\/revisions"}],"predecessor-version":[{"id":2237,"href":"https:\/\/www.areabesos.com\/diario\/wp-json\/wp\/v2\/posts\/2235\/revisions\/2237"}],"wp:featuredmedia":[{"embeddable":true,"href":"https:\/\/www.areabesos.com\/diario\/wp-json\/wp\/v2\/media\/2236"}],"wp:attachment":[{"href":"https:\/\/www.areabesos.com\/diario\/wp-json\/wp\/v2\/media?parent=2235"}],"wp:term":[{"taxonomy":"category","embeddable":true,"href":"https:\/\/www.areabesos.com\/diario\/wp-json\/wp\/v2\/categories?post=2235"},{"taxonomy":"post_tag","embeddable":true,"href":"https:\/\/www.areabesos.com\/diario\/wp-json\/wp\/v2\/tags?post=2235"}],"curies":[{"name":"wp","href":"https:\/\/api.w.org\/{rel}","templated":true}]}}